{"id":138100,"date":"2022-01-09T08:05:19","date_gmt":"2022-01-09T13:05:19","guid":{"rendered":"https:\/\/linitiative.ca\/International\/accident-sur-le-dakar-2022-leclairage-du-ministere-saoudien-des-affaires-etrangeres\/"},"modified":"2022-01-09T08:05:19","modified_gmt":"2022-01-09T13:05:19","slug":"accident-sur-le-dakar-2022-leclairage-du-ministere-saoudien-des-affaires-etrangeres","status":"publish","type":"post","link":"https:\/\/linitiative.ca\/International\/accident-sur-le-dakar-2022-leclairage-du-ministere-saoudien-des-affaires-etrangeres\/","title":{"rendered":"Accident sur le Dakar 2022 : L\u2019\u00e9clairage du minist\u00e8re saoudien des Affaires \u00e9trang\u00e8res"},"content":{"rendered":"<div>\n<p>Suite au communiqu\u00e9 publi\u00e9 sur l\u2019accident d\u2019une voiture de l\u2019\u00e9quipe d\u2019assistance d\u2019un des pilotes participant au Rallye Dakar 2022 et la blessure d\u2019un des passagers de nationalit\u00e9 fran\u00e7aise, les r\u00e9sultats des enqu\u00eates pr\u00e9liminaires n\u2019ont relev\u00e9 aucune preuve d\u2019un soup\u00e7on criminel.<\/p>\n<p>Et dans le cadre de la coop\u00e9ration bilat\u00e9rale entre les deux pays, l\u2019autorit\u00e9 comp\u00e9tente du Royaume s\u2019emploie \u00e0 coordonner et \u00e0 informer les sp\u00e9cialistes du c\u00f4t\u00e9 fran\u00e7ais des r\u00e9sultats de l\u2019enqu\u00eate, des photos, des informations et des preuves dont disposent les autorit\u00e9s comp\u00e9tentes du royaume sur l\u2019accident.<\/p>\n<p>Le minist\u00e8re des Affaires \u00e9trang\u00e8res tient \u00e0 pr\u00e9ciser que les autorit\u00e9s concern\u00e9es, en coop\u00e9ration avec les organisateurs, sont soucieuses de mettre en \u0153uvre toutes les normes de s\u00e9curit\u00e9 et de s\u00fbret\u00e9 approuv\u00e9es au niveau international afin de maintenir la s\u00fbret\u00e9 et la s\u00e9curit\u00e9 des participants au Rallye Dakar, et il souhaite un prompt r\u00e9tablissement au bless\u00e9.<\/p>\n<p><strong>Minist\u00e8re saoudien des Affaires \u00e9trang\u00e8res <\/strong><\/p>\n<p>L\u2019article <a rel=\"nofollow\" href=\"https:\/\/www.sidwaya.info\/blog\/2022\/01\/09\/accident-sur-le-dakar-2022-leclairage-du-ministere-saoudien-des-affaires-etrangeres\/\">Accident sur le Dakar 2022 : L\u2019\u00e9clairage du minist\u00e8re saoudien des Affaires \u00e9trang\u00e8res<\/a> est apparu en premier sur <a rel=\"nofollow\" href=\"https:\/\/www.sidwaya.info\/\">Quotidien Sidwaya<\/a>.<\/p>\n<\/div>\n<p>Auteur: BS. Sidwaya<br \/>\n<a href=\"https:\/\/www.sidwaya.info\/blog\/2022\/01\/09\/accident-sur-le-dakar-2022-leclairage-du-ministere-saoudien-des-affaires-etrangeres\/?utm_source=rss&#038;utm_medium=rss&#038;utm_campaign=accident-sur-le-dakar-2022-leclairage-du-ministere-saoudien-des-affaires-etrangeres\">Cliquez ici pour lire l&rsquo;article depuis sa source.<\/a><\/p>\n","protected":false},"excerpt":{"rendered":"<p>Suite au communiqu\u00e9 publi\u00e9 sur l\u2019accident d\u2019une voiture de l\u2019\u00e9quipe d\u2019assistance d\u2019un des pilotes participant au Rallye Dakar 2022 et la blessure d\u2019un des passagers de nationalit\u00e9 fran\u00e7aise, les r\u00e9sultats des enqu\u00eates pr\u00e9liminaires n\u2019ont relev\u00e9 aucune preuve d\u2019un soup\u00e7on criminel. Et dans le cadre de la coop\u00e9ration bilat\u00e9rale entre les deux pays, l\u2019autorit\u00e9 comp\u00e9tente du [&hellip;]<\/p>\n","protected":false},"author":1816,"featured_media":0,"comment_status":"closed","ping_status":"closed","sticky":false,"template":"","format":"standard","meta":{"fifu_image_url":"","fifu_image_alt":"","footnotes":""},"categories":[73,81],"tags":[],"class_list":["post-138100","post","type-post","status-publish","format-standard","hentry","category-actualite","category-burkina-faso"],"_links":{"self":[{"href":"https:\/\/linitiative.ca\/International\/wp-json\/wp\/v2\/posts\/138100","targetHints":{"allow":["GET"]}}],"collection":[{"href":"https:\/\/linitiative.ca\/International\/wp-json\/wp\/v2\/posts"}],"about":[{"href":"https:\/\/linitiative.ca\/International\/wp-json\/wp\/v2\/types\/post"}],"author":[{"embeddable":true,"href":"https:\/\/linitiative.ca\/International\/wp-json\/wp\/v2\/users\/1816"}],"replies":[{"embeddable":true,"href":"https:\/\/linitiative.ca\/International\/wp-json\/wp\/v2\/comments?post=138100"}],"version-history":[{"count":0,"href":"https:\/\/linitiative.ca\/International\/wp-json\/wp\/v2\/posts\/138100\/revisions"}],"wp:attachment":[{"href":"https:\/\/linitiative.ca\/International\/wp-json\/wp\/v2\/media?parent=138100"}],"wp:term":[{"taxonomy":"category","embeddable":true,"href":"https:\/\/linitiative.ca\/International\/wp-json\/wp\/v2\/categories?post=138100"},{"taxonomy":"post_tag","embeddable":true,"href":"https:\/\/linitiative.ca\/International\/wp-json\/wp\/v2\/tags?post=138100"}],"curies":[{"name":"wp","href":"https:\/\/api.w.org\/{rel}","templated":true}]}}