{"id":138101,"date":"2022-01-09T05:15:12","date_gmt":"2022-01-09T10:15:12","guid":{"rendered":"https:\/\/linitiative.ca\/International\/can-cameroun-2021-quels-lions-indomptables-face-aux-etalons\/"},"modified":"2022-01-09T05:15:12","modified_gmt":"2022-01-09T10:15:12","slug":"can-cameroun-2021-quels-lions-indomptables-face-aux-etalons","status":"publish","type":"post","link":"https:\/\/linitiative.ca\/International\/can-cameroun-2021-quels-lions-indomptables-face-aux-etalons\/","title":{"rendered":"Can Cameroun 2021 : quels Lions indomptables face aux Etalons ?"},"content":{"rendered":"<div>\n<p><img decoding=\"async\" width=\"660\" height=\"330\" src=\"https:\/\/linitiative.ca\/International\/wp-content\/uploads\/sites\/23\/2022\/01\/Une-formation-des-Lions-indomptables.jpg\" class=\"attachment-post-thumbnail size-post-thumbnail wp-post-image\" alt=\"\" loading=\"lazy\" srcset=\"https:\/\/linitiative.ca\/International\/wp-content\/uploads\/sites\/23\/2022\/01\/Une-formation-des-Lions-indomptables.jpg 660w, https:\/\/www.journalducameroun.com\/wp-content\/uploads\/2022\/01\/Une-formation-des-Lions-indomptables-300x150.jpg 300w, https:\/\/www.journalducameroun.com\/wp-content\/uploads\/2022\/01\/Une-formation-des-Lions-indomptables-600x300.jpg 600w\" sizes=\"auto, (max-width: 660px) 100vw, 660px\"><\/p>\n<h2 style=\"text-align: justify;\"><strong>Le match d\u2019ouverture de la 33<sup>\u00e8me<\/sup> \u00e9dition de la Can s\u2019annonce tr\u00e8s ouvert. Face aux Burkinab\u00e9s tr\u00e8s en verve en ce moment, le coach du Cameroun Antonio Concei\u00e7ao fera confiance \u00e0 l\u2019\u00e9quipe qui s\u2019est qualifi\u00e9e pour les barrages du Mondial qatari. Les Etalons qui ont cinq joueurs test\u00e9s positifs aux Covid-19, crient \u00e0 la manipulation. <\/strong><\/h2>\n<p style=\"text-align: justify;\">Le premier match d&rsquo;une \u00e9quipe dans une comp\u00e9tition comme la Coupe d\u2019Afrique des nations est un moment important. Depuis 1970, ann\u00e9e de leur premi\u00e8re participation, les Lions indomptables ont tout connu pour leur rencontre inaugurale : <strong>victoires, nuls ou d\u00e9faites<\/strong>. Des r\u00e9sultats qui ont souvent eu un impact sur leur parcours dans la suite du tournoi.<\/p>\n<p style=\"text-align: justify;\">Pour cette 33\u00e8me \u00e9dition de la Can, le contexte est particulier\u00a0: le Cameroun joue sur ses terres et n\u2019a donc pas droit \u00e0 la moindre erreur. Le Cameroun ouvre le bal face aux Etalons du Burkina Faso, qu\u2019il avait battu en match d\u2019ouverture \u00e0 Ouagadougou en 1998, 1-0. Toujours en phase finale de Can, le Cameroun a \u00e9t\u00e9 \u00a0tenu en \u00e9chec par le Burkina Faso, au Gabon 2017, 1-1. \u00c7a, c\u2019est pour l\u2019histoire. Le match de ce dimanche 9 janvier ne ressemblera \u00e0 rien aux pr\u00e9c\u00e9dents.<\/p>\n<p style=\"text-align: justify;\">En jouant \u00e0 domicile, le Cameroun, pouss\u00e9 par son exigeant public, veut absolument <strong>r\u00e9ussir son entr\u00e9e en mati\u00e8re<\/strong>. Avec ses cinq CAN\u00a0au compteur, le Cameroun compte bien aller le plus loin possible. <em>\u00ab\u00a0Nous n&rsquo;avons qu&rsquo;un seul chemin\u00a0: gagner, gagner et gagner. C&rsquo;est ce qu&rsquo;on m&rsquo;a mis sur la table quand j&rsquo;ai sign\u00e9 mon contrat\u00a0: arriver au moins en finale de la CAN, tout faire pour la gagner et aussi qualifier l&rsquo;\u00e9quipe pour la prochaine Coupe du monde\u00a0\u00bb<\/em>, a ainsi affirm\u00e9 son s\u00e9lectionneur\u00a0Antonio\u00a0Concei\u00e7ao.<\/p>\n<h2 style=\"text-align: justify;\">Bousculer la hi\u00e9rarchie<\/h2>\n<p style=\"text-align: justify;\">Un coach qui va certainement s\u2019appuyer sur l\u2019\u00e9quipe qui s\u2019est qualifi\u00e9e pour les barrages du mondial qatari. Andr\u00e9 Onana va certainement garder la cage. La charni\u00e8re centrale, constitu\u00e9e de G\u00e9r\u00f4me Onguen\u00e9 et Ngadeu Ngadjui, qui s\u2019est montr\u00e9e \u00e0 son avantage face \u00e0 la C\u00f4te d\u2019Ivoire \u00e0 Douala \u00a0peut \u00eatre reconduite. Sur les flancs d\u00e9fensifs, Fai Collins devrait jouer \u00e0 droite et Oyongo Bitolo, \u00e0 gauche, sauf si Enzo Ebosse a montr\u00e9 lors du stage pr\u00e9paratoire qu\u2019il a suffisamment d\u2019atout pour bousculer la hi\u00e9rarchie.<\/p>\n<p style=\"text-align: justify;\">Dans son sch\u00e9ma pr\u00e9f\u00e9rentiel\u00a0 en 4-2-3-1, Martin Hongla et Zamba Anguissa, seraient align\u00e9s \u00e0 la r\u00e9cup\u00e9ration. Moumi Ngamaleu occuperait l\u2019aile droite et Toko Ekambi, le c\u00f4t\u00e9 gauche, avec comme meneur de jeu Choupo Moting. Vincent Aboubakar \u00e9tant la pointe de fixation.<\/p>\n<p style=\"text-align: justify;\">Si le coach garde la carte de la prudence, il sacrifiera Choupo Moting, au profit d\u2019Oum Gwet. Seul b\u00e9mol, le technicien portugais n\u2019a jamais align\u00e9 la m\u00eame \u00e9quipe sur deux matchs de suite. D\u2019o\u00f9 le peu de coh\u00e9sion entre les joueurs et les lignes. Surtout que les Lions n\u2019ont pas fait de match de pr\u00e9paration.<\/p>\n<p style=\"text-align: justify;\">Toutefois, les Camerounais peuvent aussi profiter de l&rsquo;exp\u00e9rience de la l\u00e9gende Samuel Eto\u2019o, qui accompagn\u00e9 parfois de Roger Milla, est pass\u00e9 plusieurs fois dans la tani\u00e8re prodiguer des conseils. \u00a0<em>\u00ab\u00a0Ce qu&rsquo;il a appris au cours des ann\u00e9es en tant que joueur et en fr\u00e9quentant les hautes sph\u00e8res du football devrait apporter une am\u00e9lioration significative\u00a0\u00bb<\/em>, le souligne le s\u00e9lectionneur<\/p>\n<h2 style=\"text-align: justify;\">Manipulation des tests Covid-19<\/h2>\n<p style=\"text-align: justify;\">M\u00eame s&rsquo;ils apparaissent comme l&rsquo;ogre du groupe A, les Lions indomptables vont cependant devoir se m\u00e9fier de leurs premiers adversaires, qui se sont montr\u00e9s tr\u00e8s redoutables lors des \u00e9liminatoires du Mondial qatari. Depuis une dizaine d&rsquo;ann\u00e9es, le Burkina Faso fait partie des \u00e9quipes qui comptent en Afrique.\u00a0Surprenants finalistes en 2013, troisi\u00e8mes en 2017, les \u00c9talons n&rsquo;avaient pas particip\u00e9 \u00e0 l&rsquo;\u00e9dition 2019, mais ils reviennent avec de grandes ambitions.<\/p>\n<p style=\"text-align: justify;\">Le s\u00e9lectionneur Kamou Malo va vivre sa premi\u00e8re grande comp\u00e9tition \u00e0 la t\u00eate de l&rsquo;\u00e9quipe, mais il pourra s&rsquo;appuyer sur\u00a0l&rsquo;exp\u00e9riment\u00e9 Bertrand Traor\u00e9 d&rsquo;Aston Villa. Handicap\u00e9 par des blessures \u00e0 r\u00e9p\u00e9tition depuis le d\u00e9but de la saison, le capitaine sera bien pr\u00e9sent au Cameroun aux c\u00f4t\u00e9s de ses co\u00e9quipiers.<\/p>\n<p style=\"text-align: justify;\">Toutefois, pendant que la ferveur monte \u00e0 quelques heures de ce match d\u2019ouverture, le Burkina <strong>crie au scandale<\/strong>.\u00a0Elle proteste et \u00e9voque la manipulation des tests Covid-19. En effet, des tests op\u00e9r\u00e9s par une \u00e9quipe m\u00e9dicale venue \u00e0 l\u2019h\u00f4tel des joueurs vendredi auraient d\u00e9tect\u00e9 des cas positifs sur les joueurs Edmond Tapsoba, Dango Ouattara, Oula Abass Traor\u00e9, Saidou Simpor\u00e9, Souma\u00efla Ouattara, les entra\u00eeneurs Kamou Malo et Alain Nana.<\/p>\n<p style=\"text-align: justify;\">La contre-expertise des laborantins agr\u00e9es par le Caf pourrait produire des r\u00e9sultats diff\u00e9rents.<\/p>\n<p style=\"text-align: justify;\"><strong>\u00a0<\/strong><\/p>\n<h1 style=\"text-align: justify;\"><\/h1>\n<p style=\"text-align: justify;\">\n<p>Cet article <a rel=\"nofollow\" href=\"https:\/\/www.journalducameroun.com\/can-cameroun-2021-quels-lions-indomptables-face-aux-etalons\/\">Can Cameroun 2021 : quels Lions indomptables face aux Etalons ?<\/a> est apparu en premier sur <a rel=\"nofollow\" href=\"https:\/\/www.journalducameroun.com\/\">Journal du Cameroun<\/a>.<\/p>\n<\/div>\n<p>Auteur: Emile Zola Nd\u00e9 Tchoussi<br \/>\n<a href=\"https:\/\/www.journalducameroun.com\/can-cameroun-2021-quels-lions-indomptables-face-aux-etalons\/\">Cliquez ici pour lire l&rsquo;article depuis sa source.<\/a><\/p>\n","protected":false},"excerpt":{"rendered":"<p>Le match d\u2019ouverture de la 33\u00e8me \u00e9dition de la Can s\u2019annonce tr\u00e8s ouvert. Face aux Burkinab\u00e9s tr\u00e8s en verve en ce moment, le coach du Cameroun Antonio Concei\u00e7ao fera confiance \u00e0 l\u2019\u00e9quipe qui s\u2019est qualifi\u00e9e pour les barrages du Mondial qatari. Les Etalons qui ont cinq joueurs test\u00e9s positifs aux Covid-19, crient \u00e0 la manipulation. [&hellip;]<\/p>\n","protected":false},"author":1965,"featured_media":0,"comment_status":"closed","ping_status":"closed","sticky":false,"template":"","format":"standard","meta":{"fifu_image_url":"https:\/\/www.journalducameroun.com\/wp-content\/uploads\/2022\/01\/Une-formation-des-Lions-indomptables.jpg","fifu_image_alt":"Can Cameroun 2021 : quels Lions indomptables face aux Etalons ?","footnotes":""},"categories":[73,82],"tags":[],"class_list":["post-138101","post","type-post","status-publish","format-standard","hentry","category-actualite","category-cameroun"],"_links":{"self":[{"href":"https:\/\/linitiative.ca\/International\/wp-json\/wp\/v2\/posts\/138101","targetHints":{"allow":["GET"]}}],"collection":[{"href":"https:\/\/linitiative.ca\/International\/wp-json\/wp\/v2\/posts"}],"about":[{"href":"https:\/\/linitiative.ca\/International\/wp-json\/wp\/v2\/types\/post"}],"author":[{"embeddable":true,"href":"https:\/\/linitiative.ca\/International\/wp-json\/wp\/v2\/users\/1965"}],"replies":[{"embeddable":true,"href":"https:\/\/linitiative.ca\/International\/wp-json\/wp\/v2\/comments?post=138101"}],"version-history":[{"count":0,"href":"https:\/\/linitiative.ca\/International\/wp-json\/wp\/v2\/posts\/138101\/revisions"}],"wp:attachment":[{"href":"https:\/\/linitiative.ca\/International\/wp-json\/wp\/v2\/media?parent=138101"}],"wp:term":[{"taxonomy":"category","embeddable":true,"href":"https:\/\/linitiative.ca\/International\/wp-json\/wp\/v2\/categories?post=138101"},{"taxonomy":"post_tag","embeddable":true,"href":"https:\/\/linitiative.ca\/International\/wp-json\/wp\/v2\/tags?post=138101"}],"curies":[{"name":"wp","href":"https:\/\/api.w.org\/{rel}","templated":true}]}}