{"id":138103,"date":"2022-01-09T07:18:02","date_gmt":"2022-01-09T12:18:02","guid":{"rendered":"https:\/\/linitiative.ca\/International\/impot-ivoirien-bientot-une-taxe-fiscale-sur-les-services-de-covoiturage\/"},"modified":"2022-01-09T07:18:02","modified_gmt":"2022-01-09T12:18:02","slug":"impot-ivoirien-bientot-une-taxe-fiscale-sur-les-services-de-covoiturage","status":"publish","type":"post","link":"https:\/\/linitiative.ca\/International\/impot-ivoirien-bientot-une-taxe-fiscale-sur-les-services-de-covoiturage\/","title":{"rendered":"Imp\u00f4t ivoirien: bient\u00f4t une taxe fiscale sur les services de covoiturage"},"content":{"rendered":"<div>\n<p><img decoding=\"async\" width=\"800\" height=\"533\" src=\"https:\/\/linitiative.ca\/International\/wp-content\/uploads\/sites\/23\/2022\/01\/16417306835446.jpg\" class=\"attachment-post-thumbnail size-post-thumbnail wp-post-image\" alt=\"\" loading=\"lazy\" srcset=\"https:\/\/linitiative.ca\/International\/wp-content\/uploads\/sites\/23\/2022\/01\/16417306835446.jpg 800w, https:\/\/www.journalducameroun.com\/wp-content\/uploads\/2022\/01\/16417306835446-300x200.jpg 300w, https:\/\/www.journalducameroun.com\/wp-content\/uploads\/2022\/01\/16417306835446-768x512.jpg 768w, https:\/\/www.journalducameroun.com\/wp-content\/uploads\/2022\/01\/16417306835446-660x440.jpg 660w, https:\/\/www.journalducameroun.com\/wp-content\/uploads\/2022\/01\/16417306835446-600x400.jpg 600w\" sizes=\"auto, (max-width: 800px) 100vw, 800px\"><\/p>\n<p>Le directeur g\u00e9n\u00e9ral des imp\u00f4ts de C\u00f4te d&rsquo;Ivoire, Abou Si\u00e9 Ouattara, a annonc\u00e9  vendredi l&rsquo;instauration d&rsquo;une taxe, pour bient\u00f4t, sur les services de covoiturage op\u00e9r\u00e9s via les plateformes \u00e9lectroniques, lors de la pr\u00e9sentation de l&rsquo;annexe fiscale 2022.<\/p>\n<p>\u00c9voquant la taxation sur les plateformes de vente en ligne et des services num\u00e9riques, M. Abou Si\u00e9 Ouattara a assur\u00e9 que l&rsquo;administration fiscale a mis en place un syst\u00e8me de taxation et est \u00e0 sa premi\u00e8re ann\u00e9e. \u00a0<\/p>\n<p>\u00ab\u00a0Il y a d&rsquo;autres choses qui sont en laboratoire et qui ne vont m\u00eame pas atteindre l&rsquo;ann\u00e9e fiscale 2023\u00a0\u00bb, a confi\u00e9 M. Abou Si\u00e9 Ouattara, d\u00e9clarant qu&rsquo;il y a des \u00ab\u00a0transports (op\u00e9r\u00e9s via des applications) qu&rsquo;on ne ma\u00eetrise pas et les gens pensent qu&rsquo;on dort, mais on ne dort pas\u00a0\u00bb. \u00a0<\/p>\n<p>\u00ab\u00a0Je dis, il y a des transporteurs qui paient des imp\u00f4ts et il y a des transporteurs qui ne paient pas les imp\u00f4ts et qui ont un autre mode de fonctionnement\u00a0\u00bb, a-t-il ajout\u00e9, en allusion \u00e0 des chauffeurs transportant des personnes suite \u00e0 des commandes via une application.\u00a0<\/p>\n<p>Il a assur\u00e9 que la direction g\u00e9n\u00e9rale des imp\u00f4ts \u00ab\u00a0ne va m\u00eame pas attendre 2023\u00a0\u00bb pour appliquer des taxes aux services de covoiturage. Le commerce \u00e9lectronique prenant de plus en plus de proportion, l&rsquo;administration fiscale compte capter des ressources via les op\u00e9rations \u00e9lectroniques. \u00a0<\/p>\n<p>Pour d\u00e9noncer \u00ab\u00a0la pratique ill\u00e9gale des v\u00e9hicules personnels\u00a0\u00bb sur l&rsquo;application Yango et Uber, l&rsquo;Association des conducteurs de taxis compteurs (ACTC), a observ\u00e9 un arr\u00eat de travail allant du 2 au 6 novembre 2021. \u00a0<\/p>\n<p>Les taxis intercommunaux se plaignent notamment de ce qu&rsquo;ils sont soumis au paiement de charges fiscales et d&rsquo;assurances auxquelles les v\u00e9hicules personnels op\u00e9rant via l&rsquo;application de Yango et Uber parviennent \u00e0 se soustraire.\u00a0<\/p>\n<p>L&rsquo;association trouve \u00ab\u00a0inacceptable que des personnes exer\u00e7ant la m\u00eame activit\u00e9 ne soient pas assujetties aux m\u00eames obligations\u00a0\u00bb. Elle a invit\u00e9 ces entit\u00e9s \u00e0 \u00ab\u00a0respecter\u00a0\u00bb les conditions requises pour faire le transport de taxis compteurs ou cesser de faire la concurrence d\u00e9loyale.\u00a0<\/p>\n<p>Un d\u00e9cret a \u00e9t\u00e9 ensuite adopt\u00e9 en Conseil des ministres, portant r\u00e9glementation des transports publics particuliers\u00a0\u00bb et regroupant \u00ab\u00a0des activit\u00e9s de mise en relation des usagers avec les conducteurs ou transporteurs, de covoiturage, de service de transports d&rsquo;utilit\u00e9s sociales et de V\u00e9hicule de transport avec chauffeur (VTC)\u00a0\u00bb. \u00a0<\/p>\n<p>Le V\u00e9hicule de transport avec chauffeur (VTC) est g\u00e9n\u00e9ralement soutenu par un r\u00e9seau num\u00e9rique de r\u00e9servation. A Abidjan, plusieurs v\u00e9hicules particuliers op\u00e8rent \u00e0 partir des applications de ce r\u00e9seau. \u00a0<\/p>\n<p>Cet article <a rel=\"nofollow\" href=\"https:\/\/www.journalducameroun.com\/impot-ivoirien-bientot-une-taxe-fiscale-sur-les-services-de-covoiturage\/\">Imp\u00f4t ivoirien: bient\u00f4t une taxe fiscale sur les services de covoiturage<\/a> est apparu en premier sur <a rel=\"nofollow\" href=\"https:\/\/www.journalducameroun.com\/\">Journal du Cameroun<\/a>.<\/p>\n<\/div>\n<p>Auteur: APA News<br \/>\n<a href=\"https:\/\/www.journalducameroun.com\/impot-ivoirien-bientot-une-taxe-fiscale-sur-les-services-de-covoiturage\/\">Cliquez ici pour lire l&rsquo;article depuis sa source.<\/a><\/p>\n","protected":false},"excerpt":{"rendered":"<p>Le directeur g\u00e9n\u00e9ral des imp\u00f4ts de C\u00f4te d&rsquo;Ivoire, Abou Si\u00e9 Ouattara, a annonc\u00e9 vendredi l&rsquo;instauration d&rsquo;une taxe, pour bient\u00f4t, sur les services de covoiturage op\u00e9r\u00e9s via les plateformes \u00e9lectroniques, lors de la pr\u00e9sentation de l&rsquo;annexe fiscale 2022. \u00c9voquant la taxation sur les plateformes de vente en ligne et des services num\u00e9riques, M. Abou Si\u00e9 Ouattara [&hellip;]<\/p>\n","protected":false},"author":1965,"featured_media":0,"comment_status":"closed","ping_status":"closed","sticky":false,"template":"","format":"standard","meta":{"fifu_image_url":"https:\/\/www.journalducameroun.com\/wp-content\/uploads\/2022\/01\/16417306835446.jpg","fifu_image_alt":"Imp\u00f4t ivoirien: bient\u00f4t une taxe fiscale sur les services de covoiturage","footnotes":""},"categories":[73,82],"tags":[],"class_list":["post-138103","post","type-post","status-publish","format-standard","hentry","category-actualite","category-cameroun"],"_links":{"self":[{"href":"https:\/\/linitiative.ca\/International\/wp-json\/wp\/v2\/posts\/138103","targetHints":{"allow":["GET"]}}],"collection":[{"href":"https:\/\/linitiative.ca\/International\/wp-json\/wp\/v2\/posts"}],"about":[{"href":"https:\/\/linitiative.ca\/International\/wp-json\/wp\/v2\/types\/post"}],"author":[{"embeddable":true,"href":"https:\/\/linitiative.ca\/International\/wp-json\/wp\/v2\/users\/1965"}],"replies":[{"embeddable":true,"href":"https:\/\/linitiative.ca\/International\/wp-json\/wp\/v2\/comments?post=138103"}],"version-history":[{"count":0,"href":"https:\/\/linitiative.ca\/International\/wp-json\/wp\/v2\/posts\/138103\/revisions"}],"wp:attachment":[{"href":"https:\/\/linitiative.ca\/International\/wp-json\/wp\/v2\/media?parent=138103"}],"wp:term":[{"taxonomy":"category","embeddable":true,"href":"https:\/\/linitiative.ca\/International\/wp-json\/wp\/v2\/categories?post=138103"},{"taxonomy":"post_tag","embeddable":true,"href":"https:\/\/linitiative.ca\/International\/wp-json\/wp\/v2\/tags?post=138103"}],"curies":[{"name":"wp","href":"https:\/\/api.w.org\/{rel}","templated":true}]}}