{"id":138107,"date":"2022-01-09T14:17:27","date_gmt":"2022-01-09T19:17:27","guid":{"rendered":"https:\/\/linitiative.ca\/International\/can-cameroun-2021-belle-entree-en-matiere-des-lions-indomptables\/"},"modified":"2022-01-09T14:17:27","modified_gmt":"2022-01-09T19:17:27","slug":"can-cameroun-2021-belle-entree-en-matiere-des-lions-indomptables","status":"publish","type":"post","link":"https:\/\/linitiative.ca\/International\/can-cameroun-2021-belle-entree-en-matiere-des-lions-indomptables\/","title":{"rendered":"Can Cameroun 2021 : belle entr\u00e9e en mati\u00e8re des Lions indomptables"},"content":{"rendered":"<div>\n<p><img decoding=\"async\" width=\"474\" height=\"266\" src=\"https:\/\/linitiative.ca\/International\/wp-content\/uploads\/sites\/23\/2022\/01\/Vincent-Aboubak-felicite-par-Zambo-Anguissa.jpg\" class=\"attachment-post-thumbnail size-post-thumbnail wp-post-image\" alt=\"\" loading=\"lazy\" srcset=\"https:\/\/linitiative.ca\/International\/wp-content\/uploads\/sites\/23\/2022\/01\/Vincent-Aboubak-felicite-par-Zambo-Anguissa.jpg 474w, https:\/\/www.journalducameroun.com\/wp-content\/uploads\/2022\/01\/Vincent-Aboubak-felicite-par-Zambo-Anguissa-300x168.jpg 300w, https:\/\/www.journalducameroun.com\/wp-content\/uploads\/2022\/01\/Vincent-Aboubak-felicite-par-Zambo-Anguissa-780x440.jpg 780w, https:\/\/www.journalducameroun.com\/wp-content\/uploads\/2022\/01\/Vincent-Aboubak-felicite-par-Zambo-Anguissa-160x90.jpg 160w, https:\/\/www.journalducameroun.com\/wp-content\/uploads\/2022\/01\/Vincent-Aboubak-felicite-par-Zambo-Anguissa-240x135.jpg 240w\" sizes=\"auto, (max-width: 474px) 100vw, 474px\"><\/p>\n<h2><strong>Apr\u00e8s une c\u00e9r\u00e9monie d\u2019ouverture tr\u00e8s riche en son en couleurs, sous les yeux du pr\u00e9sident camerounais Paul Biya entre autres, les Lions indomptables ont lanc\u00e9 le grand rendez-vous continental en dominant laborieusement les Etalons du Burkina Faso (2-1). <\/strong><\/h2>\n<p>Le Cameroun n&rsquo;a pas rat\u00e9 son premier match avec une victoire contre le <strong>Burkina Faso (2-1)<\/strong> dans le groupe A ce dimanche, 9 janvier. Et pourtant, les \u00c9talons ont refroidi la chaude ambiance \u00e0 Yaound\u00e9 avec l&rsquo;ouverture du score sign\u00e9e Sangar\u00e9 (24e). Mais finalement, peu avant la pause, les Lions indomptables ont r\u00e9agi avec un doubl\u00e9 de <strong>Vincent Aboubakar suite \u00e0 des p\u00e9naltys<\/strong>.<\/p>\n<p><strong>Les 48 000 spectateurs<\/strong> mass\u00e9s dans les tribunes du stade Olemb\u00e9 de Yaound\u00e9, au Cameroun, ont trembl\u00e9 lors du match d&rsquo;ouverture de la CAN opposant leurs Lions indomptables aux Etalons du Burkina Faso. Une rencontre muscl\u00e9e, \u00e0 l&rsquo;image de ce premier tacle dangereux du burkinab\u00e9 Steeve Yago sur Collins Fai sanctionn\u00e9 d&rsquo;un carton jaune d\u00e8s l\u2019entame du match.<\/p>\n<p>La chaude ambiance de la c\u00e9r\u00e9monie d&rsquo;ouverture s&rsquo;est brutalement refroidie \u00e0 la 24e minute quand le milieu de terrain burkinab\u00e9 Gustavo Sangar\u00e9 a ouvert le score en reprenant au second poteau du plat du pied gauche un centre de son capitaine Bertrand Traor\u00e9, profitant de la sortie a\u00e9rienne rat\u00e9e d&rsquo;Andre Onana (0-1).<\/p>\n<p>Frustr\u00e9s, mal appliqu\u00e9s, les Lions indomptables ont repris vie avant la pause gr\u00e2ce \u00e0 leur h\u00e9ros de 2017, Vincent Aboubakar. \u00a0Bertrand Traor\u00e9 a bouscul\u00e9 Andr\u00e9-Franck Zambo Anguissa dans la surface ; appel\u00e9 par ses assistants, l\u2019arbitre alg\u00e9rien Mustapha Ghorbal a revu les images et accord\u00e9 un penalty que le capitaine camerounais a transform\u00e9 tranquillement (39e), dans une ambiance incandescente.<\/p>\n<h2><strong>Merci \u00e0 la VAR<\/strong><\/h2>\n<p>Port\u00e9 par cette \u00e9galisation et les encouragements du <strong>Stade d\u2019Olemb\u00e9<\/strong>, Nouhou Tolo est entr\u00e9 \u00e0 pleine vitesse dans la surface depuis l\u2019aile gauche et s\u2019est fait tacler irr\u00e9guli\u00e8rement par Issoufou Dayo. Cette fois, l\u2019arbitre n\u2019a pas eu besoin de consulter la VAR pour accorder un deuxi\u00e8me penalty. Et Vincent Aboubakar a fait mouche \u00e0 nouveau (45e+3). C\u2019est ainsi que le Cameroun a renvers\u00e9 la tendance pour regagner les vestiaires avec l\u2019avantage au score.<\/p>\n<p>En seconde p\u00e9riode, Bertrand Traor\u00e9, le capitaine des \u00c9talons, a menac\u00e9 <strong>Andr\u00e9 Onana<\/strong> sur coup franc. M\u00eame \u00e0 distance de la cage, le joueur d\u2019Aston Villa a un bon pied, et le gardien a d\u00fb rester vigilant pour repousser son tir (47e). Dans un match d\u00e9brid\u00e9, c\u2019est tout de m\u00eame le Cameroun, dominateur, qui a eu la main.<\/p>\n<p>Aboubakar a cru inscrire un tripl\u00e9, mais Moumi Ngamaleu, qui avait le ballon juste avant, \u00e9tait hors-jeu (59e). Le tir de <strong>Zambo Anguissa<\/strong> a fr\u00f4l\u00e9 le poteau de Koffi (74e), et Aboubakar a manqu\u00e9 le cadre dans un angle ferm\u00e9 (77e). Finalement, dans cette seconde p\u00e9riode rythm\u00e9e, les filets n\u2019ont pas trembl\u00e9.<\/p>\n<p>Le Cameroun r\u00e9ussit son entr\u00e9e en lice en obtenant les trois points, avec les compliments de son buteur essentiel. Une entame id\u00e9ale avant d\u2019affronter son prochain adversaire du groupe A, l\u2019\u00c9thiopie, toujours au Stade d\u2019Olemb\u00e9, mardi 13 janvier. Pour le Burkina Faso, il faudra r\u00e9agir le m\u00eame jour face au Cap-Vert.<\/p>\n<p>\u00a0<\/p>\n<p>Cet article <a rel=\"nofollow\" href=\"https:\/\/www.journalducameroun.com\/can-cameroun-2021-belle-entree-en-matiere-des-lions-indomptables\/\">Can Cameroun 2021 : belle entr\u00e9e en mati\u00e8re des Lions indomptables<\/a> est apparu en premier sur <a rel=\"nofollow\" href=\"https:\/\/www.journalducameroun.com\/\">Journal du Cameroun<\/a>.<\/p>\n<\/div>\n<p>Auteur: Emile Zola Nd\u00e9 Tchoussi<br \/>\n<a href=\"https:\/\/www.journalducameroun.com\/can-cameroun-2021-belle-entree-en-matiere-des-lions-indomptables\/\">Cliquez ici pour lire l&rsquo;article depuis sa source.<\/a><\/p>\n","protected":false},"excerpt":{"rendered":"<p>Apr\u00e8s une c\u00e9r\u00e9monie d\u2019ouverture tr\u00e8s riche en son en couleurs, sous les yeux du pr\u00e9sident camerounais Paul Biya entre autres, les Lions indomptables ont lanc\u00e9 le grand rendez-vous continental en dominant laborieusement les Etalons du Burkina Faso (2-1). Le Cameroun n&rsquo;a pas rat\u00e9 son premier match avec une victoire contre le Burkina Faso (2-1) dans [&hellip;]<\/p>\n","protected":false},"author":1965,"featured_media":0,"comment_status":"closed","ping_status":"closed","sticky":false,"template":"","format":"standard","meta":{"fifu_image_url":"https:\/\/www.journalducameroun.com\/wp-content\/uploads\/2022\/01\/Vincent-Aboubak-felicite-par-Zambo-Anguissa.jpg","fifu_image_alt":"Can Cameroun 2021 : belle entr\u00e9e en mati\u00e8re des Lions indomptables","footnotes":""},"categories":[73,82],"tags":[],"class_list":["post-138107","post","type-post","status-publish","format-standard","hentry","category-actualite","category-cameroun"],"_links":{"self":[{"href":"https:\/\/linitiative.ca\/International\/wp-json\/wp\/v2\/posts\/138107","targetHints":{"allow":["GET"]}}],"collection":[{"href":"https:\/\/linitiative.ca\/International\/wp-json\/wp\/v2\/posts"}],"about":[{"href":"https:\/\/linitiative.ca\/International\/wp-json\/wp\/v2\/types\/post"}],"author":[{"embeddable":true,"href":"https:\/\/linitiative.ca\/International\/wp-json\/wp\/v2\/users\/1965"}],"replies":[{"embeddable":true,"href":"https:\/\/linitiative.ca\/International\/wp-json\/wp\/v2\/comments?post=138107"}],"version-history":[{"count":0,"href":"https:\/\/linitiative.ca\/International\/wp-json\/wp\/v2\/posts\/138107\/revisions"}],"wp:attachment":[{"href":"https:\/\/linitiative.ca\/International\/wp-json\/wp\/v2\/media?parent=138107"}],"wp:term":[{"taxonomy":"category","embeddable":true,"href":"https:\/\/linitiative.ca\/International\/wp-json\/wp\/v2\/categories?post=138107"},{"taxonomy":"post_tag","embeddable":true,"href":"https:\/\/linitiative.ca\/International\/wp-json\/wp\/v2\/tags?post=138107"}],"curies":[{"name":"wp","href":"https:\/\/api.w.org\/{rel}","templated":true}]}}