{"id":138111,"date":"2022-01-09T08:28:52","date_gmt":"2022-01-09T13:28:52","guid":{"rendered":"https:\/\/linitiative.ca\/International\/senegal-zimbabwe-edouard-mendy-et-un-autre-cadre-absents\/"},"modified":"2022-01-09T08:28:52","modified_gmt":"2022-01-09T13:28:52","slug":"senegal-zimbabwe-edouard-mendy-et-un-autre-cadre-absents","status":"publish","type":"post","link":"https:\/\/linitiative.ca\/International\/senegal-zimbabwe-edouard-mendy-et-un-autre-cadre-absents\/","title":{"rendered":"S\u00e9n\u00e9gal-Zimbabwe : \u00c9douard Mendy et un autre cadre absents"},"content":{"rendered":"<div>\n<p>Le S\u00e9n\u00e9gal ne pourra pas compter sur tous ses atouts lors de sa premi\u00e8re sortie ce lundi 10 janvier 2022. Aux absences confirm\u00e9es depuis plusieurs jours de 7 joueurs dont Isma\u00efla Sarr de Wigan en Angleterre, il faudra d\u00e9sormais ajouter celles d<strong>\u2018Edouard Mendy<\/strong>, <strong>Kalidou Koulibaly<\/strong> et de <strong>Famara Djehiou<\/strong>. Ils ont en effet \u00e9t\u00e9 test\u00e9s positifs au Covid-19 vendredi 8 janvier.<\/p>\n<p><strong>Lire aussi<\/strong> : <a href=\"https:\/\/ecomatin.net\/can-2021-le-12e-joueur-larme-secrete-des-super-egales\/\"><strong>CAN 2021 : Le 12e joueur, l\u2019arme secr\u00e8te des Super \u00c9gales<\/strong><\/a><\/p>\n<p>Bien que priv\u00e9 de ces \u00e9l\u00e9ments cl\u00e9s de son effectif, Aliou Ciss\u00e9 reste serein. \u00a0\u00bbNous avons un groupe de jeunes capables de se remplacer valablement. C\u2019est vrai qu\u2019on aurait avoir tout le monde, mais je pense qu\u2019on a les moyens de bien se comporter\u00a0\u00bb, a r\u00e9agi le s\u00e9lectionneur du S\u00e9n\u00e9gal, lors de la conf\u00e9rence d\u2019avant-match. \u00a0\u00bbNous allons jouer pour nous, mais aussi pour les autres qui n\u2019ont pas eu le privil\u00e8ge d\u2019\u00eatre test\u00e9s n\u00e9gatifs au Covid-19\u00a0\u00bb, a appuy\u00e9 <strong>Idrissa Gana Gueye<\/strong>.<\/p>\n<p><strong>Lire aussi<\/strong> : <a href=\"https:\/\/ecomatin.net\/can-2021-poule-a-le-point-des-preparatifs\/\"><strong>CAN 2021: poule A, le point des pr\u00e9paratifs<\/strong><\/a><\/p>\n<p>Le S\u00e9n\u00e9gal affronte lundi au stade omnisports de Bafoussam Kouekong, le Zimbabwe \u00e0 partir de 13 heures.<\/p>\n<p><strong>Ga\u00ebl Tadj<\/strong><\/p>\n<p>L\u2019article <a rel=\"nofollow\" href=\"https:\/\/ecomatin.net\/senegal-zimbabwe-edouard-mendy-et-un-autre-cadre-absents\/\">S\u00e9n\u00e9gal-Zimbabwe : \u00c9douard Mendy et un autre cadre absents<\/a> est apparu en premier sur <a rel=\"nofollow\" href=\"https:\/\/ecomatin.net\/\">EcoMatin<\/a>.<\/p>\n<\/div>\n<p>Auteur: EcoMatin<br \/>\n<a href=\"https:\/\/ecomatin.net\/senegal-zimbabwe-edouard-mendy-et-un-autre-cadre-absents\/\">Cliquez ici pour lire l&rsquo;article depuis sa source.<\/a><\/p>\n","protected":false},"excerpt":{"rendered":"<p>Le S\u00e9n\u00e9gal ne pourra pas compter sur tous ses atouts lors de sa premi\u00e8re sortie ce lundi 10 janvier 2022. Aux absences confirm\u00e9es depuis plusieurs jours de 7 joueurs dont Isma\u00efla Sarr de Wigan en Angleterre, il faudra d\u00e9sormais ajouter celles d\u2018Edouard Mendy, Kalidou Koulibaly et de Famara Djehiou. Ils ont en effet \u00e9t\u00e9 test\u00e9s [&hellip;]<\/p>\n","protected":false},"author":1969,"featured_media":0,"comment_status":"closed","ping_status":"closed","sticky":false,"template":"","format":"standard","meta":{"fifu_image_url":"","fifu_image_alt":"","footnotes":""},"categories":[82,78],"tags":[],"class_list":["post-138111","post","type-post","status-publish","format-standard","hentry","category-cameroun","category-economie"],"_links":{"self":[{"href":"https:\/\/linitiative.ca\/International\/wp-json\/wp\/v2\/posts\/138111","targetHints":{"allow":["GET"]}}],"collection":[{"href":"https:\/\/linitiative.ca\/International\/wp-json\/wp\/v2\/posts"}],"about":[{"href":"https:\/\/linitiative.ca\/International\/wp-json\/wp\/v2\/types\/post"}],"author":[{"embeddable":true,"href":"https:\/\/linitiative.ca\/International\/wp-json\/wp\/v2\/users\/1969"}],"replies":[{"embeddable":true,"href":"https:\/\/linitiative.ca\/International\/wp-json\/wp\/v2\/comments?post=138111"}],"version-history":[{"count":0,"href":"https:\/\/linitiative.ca\/International\/wp-json\/wp\/v2\/posts\/138111\/revisions"}],"wp:attachment":[{"href":"https:\/\/linitiative.ca\/International\/wp-json\/wp\/v2\/media?parent=138111"}],"wp:term":[{"taxonomy":"category","embeddable":true,"href":"https:\/\/linitiative.ca\/International\/wp-json\/wp\/v2\/categories?post=138111"},{"taxonomy":"post_tag","embeddable":true,"href":"https:\/\/linitiative.ca\/International\/wp-json\/wp\/v2\/tags?post=138111"}],"curies":[{"name":"wp","href":"https:\/\/api.w.org\/{rel}","templated":true}]}}