{"id":138112,"date":"2022-01-09T10:38:57","date_gmt":"2022-01-09T15:38:57","guid":{"rendered":"https:\/\/linitiative.ca\/International\/exclusif-voici-le-onze-de-depart-des-etalons-du-burkina-faso\/"},"modified":"2022-01-09T10:38:57","modified_gmt":"2022-01-09T15:38:57","slug":"exclusif-voici-le-onze-de-depart-des-etalons-du-burkina-faso","status":"publish","type":"post","link":"https:\/\/linitiative.ca\/International\/exclusif-voici-le-onze-de-depart-des-etalons-du-burkina-faso\/","title":{"rendered":"Exclusif : voici le Onze de d\u00e9part des \u00c9talons du Burkina-Faso"},"content":{"rendered":"<div>\n<p>La charni\u00e8re centrale de la d\u00e9fense comprend <strong>Steeve Yago et Issoufou Dayo<\/strong>. <strong>Patrick Malo et Issa Kabore <\/strong>vont respectivement \u00e9voluer comme arri\u00e8re gauche et droit.<\/p>\n<p><strong>Lire aussi<\/strong> : <a href=\"https:\/\/ecomatin.net\/can-2021-les-algeriens-sont-arrives\/\"><strong>CAN 2021 : les alg\u00e9riens sont arriv\u00e9s<\/strong><\/a><\/p>\n<p>Dans l\u2019entrejeu, <strong>Gustavo Sangar\u00e9<\/strong> va jouer la sentinelle tandis que <strong>Adama Guira et Blati Tour\u00e9<\/strong> vont assurer l\u2019animation offensive.<\/p>\n<p>En attaque, <strong>Cyrille Bayala, Fessal Tapsoba<\/strong> et le capitaine <strong>Bertrand Traor\u00e9<\/strong> sont charg\u00e9s de la finition dans les buts camerounais.<\/p>\n<p><strong>Lire aussi<\/strong> : <a href=\"https:\/\/ecomatin.net\/can-2021-le-burkina-faso-crie-au-complot\/\"><strong>CAN 2021 : le Burkina-Faso crie au complot<\/strong><\/a><\/p>\n<p>L\u2019article <a rel=\"nofollow\" href=\"https:\/\/ecomatin.net\/exclusif-voici-le-onze-de-depart-des-etalons-du-burkina-faso\/\">Exclusif : voici le Onze de d\u00e9part des \u00c9talons du Burkina-Faso<\/a> est apparu en premier sur <a rel=\"nofollow\" href=\"https:\/\/ecomatin.net\/\">EcoMatin<\/a>.<\/p>\n<\/div>\n<p>Auteur: Olivier Kameni<br \/>\n<a href=\"https:\/\/ecomatin.net\/exclusif-voici-le-onze-de-depart-des-etalons-du-burkina-faso\/\">Cliquez ici pour lire l&rsquo;article depuis sa source.<\/a><\/p>\n","protected":false},"excerpt":{"rendered":"<p>La charni\u00e8re centrale de la d\u00e9fense comprend Steeve Yago et Issoufou Dayo. Patrick Malo et Issa Kabore vont respectivement \u00e9voluer comme arri\u00e8re gauche et droit. Lire aussi : CAN 2021 : les alg\u00e9riens sont arriv\u00e9s Dans l\u2019entrejeu, Gustavo Sangar\u00e9 va jouer la sentinelle tandis que Adama Guira et Blati Tour\u00e9 vont assurer l\u2019animation offensive. En [&hellip;]<\/p>\n","protected":false},"author":1969,"featured_media":0,"comment_status":"closed","ping_status":"closed","sticky":false,"template":"","format":"standard","meta":{"fifu_image_url":"","fifu_image_alt":"","footnotes":""},"categories":[82,78],"tags":[],"class_list":["post-138112","post","type-post","status-publish","format-standard","hentry","category-cameroun","category-economie"],"_links":{"self":[{"href":"https:\/\/linitiative.ca\/International\/wp-json\/wp\/v2\/posts\/138112","targetHints":{"allow":["GET"]}}],"collection":[{"href":"https:\/\/linitiative.ca\/International\/wp-json\/wp\/v2\/posts"}],"about":[{"href":"https:\/\/linitiative.ca\/International\/wp-json\/wp\/v2\/types\/post"}],"author":[{"embeddable":true,"href":"https:\/\/linitiative.ca\/International\/wp-json\/wp\/v2\/users\/1969"}],"replies":[{"embeddable":true,"href":"https:\/\/linitiative.ca\/International\/wp-json\/wp\/v2\/comments?post=138112"}],"version-history":[{"count":0,"href":"https:\/\/linitiative.ca\/International\/wp-json\/wp\/v2\/posts\/138112\/revisions"}],"wp:attachment":[{"href":"https:\/\/linitiative.ca\/International\/wp-json\/wp\/v2\/media?parent=138112"}],"wp:term":[{"taxonomy":"category","embeddable":true,"href":"https:\/\/linitiative.ca\/International\/wp-json\/wp\/v2\/categories?post=138112"},{"taxonomy":"post_tag","embeddable":true,"href":"https:\/\/linitiative.ca\/International\/wp-json\/wp\/v2\/tags?post=138112"}],"curies":[{"name":"wp","href":"https:\/\/api.w.org\/{rel}","templated":true}]}}