{"id":138113,"date":"2022-01-09T11:10:40","date_gmt":"2022-01-09T16:10:40","guid":{"rendered":"https:\/\/linitiative.ca\/International\/le-producteur-deau-minerale-semc-annonce-une-hausse-de-ses-ventes-de-109-en-2021\/"},"modified":"2022-01-09T11:10:40","modified_gmt":"2022-01-09T16:10:40","slug":"le-producteur-deau-minerale-semc-annonce-une-hausse-de-ses-ventes-de-109-en-2021","status":"publish","type":"post","link":"https:\/\/linitiative.ca\/International\/le-producteur-deau-minerale-semc-annonce-une-hausse-de-ses-ventes-de-109-en-2021\/","title":{"rendered":"Le Producteur d\u2019eau min\u00e9rale SEMC annonce une hausse de ses ventes de 10,9% en 2021"},"content":{"rendered":"<div>\n<p>Source Tangui et Vitale regagnent le c\u0153ur des consommateurs et r\u00e9cup\u00e8rent progressivement leurs parts de march\u00e9. La Soci\u00e9t\u00e9 des Eaux Min\u00e9rales du Cameroun (SEMC) filiale du Groupe SABC qui exploite et commercialise les deux marques d\u2019eau min\u00e9rale\u00a0commence \u00e0 retrouver ses performances d\u2019antan, pour le bonheur des consommateurs et des actionnaires. Pour l\u2019exercice 2021, SEMC revendique avoir franchi la barre du million d\u2019hectolitres d\u2019eau min\u00e9rale naturelle vendue. \u00ab\u00a0Cette performance exceptionnelle est le r\u00e9sultat de la strat\u00e9gie de reconqu\u00eate lanc\u00e9e en 2017 par la nouvelle gouvernance qui a favoris\u00e9 le retour de la confiance des consommateurs\u00a0\u00bb commente l\u2019entreprise.\u00a0<\/p>\n<p><strong>Lire aussi<\/strong> : <a href=\"https:\/\/ecomatin.net\/eau-minerale-le-gouvernement-leve-la-suspension-de-lentreprise-sano-s-a\/\"><strong>Eau min\u00e9rale : le gouvernement l\u00e8ve la suspension de l\u2019entreprise Sano S.A.<\/strong><\/a><\/p>\n<p>La Soci\u00e9t\u00e9 des Eaux Min\u00e9rales du Cameroun qui continue sa marche en avant vers la r\u00e9cup\u00e9ration de ses parts de march\u00e9, le retour de la performance et de la rentabilit\u00e9, a renou\u00e9 en 2019 et 2020 avec des r\u00e9sultats positifs. 331 millions de francs CFA de b\u00e9n\u00e9fice en 2020 contre 79 millions en 2019.\u00a0\u00a0Avec les ventes de 2021 qui sont en nette am\u00e9lioration (+10,9% par rapport \u00e0 2020) nul doute que les actionnaires retrouveront le sourire. Selon des donn\u00e9es qu\u2019elle a r\u00e9cemment rendues publiques, l\u2019entreprise qui p\u00e8se 36% du march\u00e9 de l\u2019eau embouteill\u00e9e au Cameroun a termin\u00e9 le\u00a0<a href=\"https:\/\/ecomatin.net\/la-semc-enregistre-un-benefice-de-729-millions-s-de-fcfa-au-premier-semestre-2021\/\" target=\"_blank\" rel=\"noreferrer noopener\"><strong>premier semestre 2021 avec un r\u00e9sultat net positif<\/strong><\/a>\u00a0de 729 millions de FCFA.\u00a0<\/p>\n<p><strong>Lire aussi <\/strong>: <a href=\"https:\/\/ecomatin.net\/eau-minerale-le-gouvernement-leve-la-suspension-de-lentreprise-sano-s-a\/\"><strong>Eau min\u00e9rale : le gouvernement l\u00e8ve la suspension de l\u2019entreprise Sano S.A.<\/strong><\/a><\/p>\n<p>L\u2019article <a rel=\"nofollow\" href=\"https:\/\/ecomatin.net\/le-producteur-deau-minerale-semc-annonce-une-hausse-de-ses-ventes-de-109-en-2021\/\">Le Producteur d\u2019eau min\u00e9rale SEMC annonce une hausse de ses ventes de 10,9% en 2021<\/a> est apparu en premier sur <a rel=\"nofollow\" href=\"https:\/\/ecomatin.net\/\">EcoMatin<\/a>.<\/p>\n<\/div>\n<p>Auteur: EcoMatin<br \/>\n<a href=\"https:\/\/ecomatin.net\/le-producteur-deau-minerale-semc-annonce-une-hausse-de-ses-ventes-de-109-en-2021\/\">Cliquez ici pour lire l&rsquo;article depuis sa source.<\/a><\/p>\n","protected":false},"excerpt":{"rendered":"<p>Source Tangui et Vitale regagnent le c\u0153ur des consommateurs et r\u00e9cup\u00e8rent progressivement leurs parts de march\u00e9. La Soci\u00e9t\u00e9 des Eaux Min\u00e9rales du Cameroun (SEMC) filiale du Groupe SABC qui exploite et commercialise les deux marques d\u2019eau min\u00e9rale\u00a0commence \u00e0 retrouver ses performances d\u2019antan, pour le bonheur des consommateurs et des actionnaires. Pour l\u2019exercice 2021, SEMC revendique [&hellip;]<\/p>\n","protected":false},"author":1969,"featured_media":0,"comment_status":"closed","ping_status":"closed","sticky":false,"template":"","format":"standard","meta":{"fifu_image_url":"","fifu_image_alt":"","footnotes":""},"categories":[82,78],"tags":[],"class_list":["post-138113","post","type-post","status-publish","format-standard","hentry","category-cameroun","category-economie"],"_links":{"self":[{"href":"https:\/\/linitiative.ca\/International\/wp-json\/wp\/v2\/posts\/138113","targetHints":{"allow":["GET"]}}],"collection":[{"href":"https:\/\/linitiative.ca\/International\/wp-json\/wp\/v2\/posts"}],"about":[{"href":"https:\/\/linitiative.ca\/International\/wp-json\/wp\/v2\/types\/post"}],"author":[{"embeddable":true,"href":"https:\/\/linitiative.ca\/International\/wp-json\/wp\/v2\/users\/1969"}],"replies":[{"embeddable":true,"href":"https:\/\/linitiative.ca\/International\/wp-json\/wp\/v2\/comments?post=138113"}],"version-history":[{"count":0,"href":"https:\/\/linitiative.ca\/International\/wp-json\/wp\/v2\/posts\/138113\/revisions"}],"wp:attachment":[{"href":"https:\/\/linitiative.ca\/International\/wp-json\/wp\/v2\/media?parent=138113"}],"wp:term":[{"taxonomy":"category","embeddable":true,"href":"https:\/\/linitiative.ca\/International\/wp-json\/wp\/v2\/categories?post=138113"},{"taxonomy":"post_tag","embeddable":true,"href":"https:\/\/linitiative.ca\/International\/wp-json\/wp\/v2\/tags?post=138113"}],"curies":[{"name":"wp","href":"https:\/\/api.w.org\/{rel}","templated":true}]}}