{"id":138114,"date":"2022-01-09T11:17:45","date_gmt":"2022-01-09T16:17:45","guid":{"rendered":"https:\/\/linitiative.ca\/International\/cameroun-burkina-voici-la-composition-du-cameroun\/"},"modified":"2022-01-09T11:17:45","modified_gmt":"2022-01-09T16:17:45","slug":"cameroun-burkina-voici-la-composition-du-cameroun","status":"publish","type":"post","link":"https:\/\/linitiative.ca\/International\/cameroun-burkina-voici-la-composition-du-cameroun\/","title":{"rendered":"Cameroun-Burkina : voici la composition du Cameroun"},"content":{"rendered":"<div>\n<p>Le technicien portugais, patron du staff technique des Lions indomptables a opt\u00e9 pour un syst\u00e8me en <strong>4-3-3<\/strong> avec <strong>Andr\u00e9 Onana<\/strong>, nouveau pensionnaire de l\u2019Inter Milan dans les buts. En d\u00e9fense centrale, <strong>Micha\u00ebl Ngadeu et J\u00e9r\u00f4me Onguene<\/strong>. Ce duo est compl\u00e9t\u00e9 par <strong>Fai Collins et Nouhou Tolo<\/strong>.<\/p>\n<p><strong>Lire aussi<\/strong> : <a href=\"https:\/\/ecomatin.net\/exclusif-voici-le-onze-de-depart-des-etalons-du-burkina-faso\/\"><strong>Exclusif : voici le Onze de d\u00e9part des \u00c9talons du Burkina-Faso<\/strong><\/a><\/p>\n<p><strong>Samuel Oum Gouet<\/strong> va jouer la sentinelle au milieu de terrain tandis que <strong>Zambo Anguissa et Kunde Malong<\/strong> sont charg\u00e9s de trouver dans les intervalles le trio d\u2019attaque que conduit le capitaine, <strong>Vincent Aboubakar<\/strong>, qui a pour appuis, le p\u00e9tulant, <strong>Karl Toko Ekambi<\/strong> et le renard de surface, <strong>Moumi Ngamaleu<\/strong>.<\/p>\n<p>L\u2019article <a rel=\"nofollow\" href=\"https:\/\/ecomatin.net\/cameroun-burkina-voici-la-composition-du-cameroun\/\">Cameroun-Burkina : voici la composition du Cameroun<\/a> est apparu en premier sur <a rel=\"nofollow\" href=\"https:\/\/ecomatin.net\/\">EcoMatin<\/a>.<\/p>\n<\/div>\n<p>Auteur: Olivier Kameni<br \/>\n<a href=\"https:\/\/ecomatin.net\/cameroun-burkina-voici-la-composition-du-cameroun\/\">Cliquez ici pour lire l&rsquo;article depuis sa source.<\/a><\/p>\n","protected":false},"excerpt":{"rendered":"<p>Le technicien portugais, patron du staff technique des Lions indomptables a opt\u00e9 pour un syst\u00e8me en 4-3-3 avec Andr\u00e9 Onana, nouveau pensionnaire de l\u2019Inter Milan dans les buts. En d\u00e9fense centrale, Micha\u00ebl Ngadeu et J\u00e9r\u00f4me Onguene. Ce duo est compl\u00e9t\u00e9 par Fai Collins et Nouhou Tolo. Lire aussi : Exclusif : voici le Onze de [&hellip;]<\/p>\n","protected":false},"author":1969,"featured_media":0,"comment_status":"closed","ping_status":"closed","sticky":false,"template":"","format":"standard","meta":{"fifu_image_url":"","fifu_image_alt":"","footnotes":""},"categories":[82,78],"tags":[],"class_list":["post-138114","post","type-post","status-publish","format-standard","hentry","category-cameroun","category-economie"],"_links":{"self":[{"href":"https:\/\/linitiative.ca\/International\/wp-json\/wp\/v2\/posts\/138114","targetHints":{"allow":["GET"]}}],"collection":[{"href":"https:\/\/linitiative.ca\/International\/wp-json\/wp\/v2\/posts"}],"about":[{"href":"https:\/\/linitiative.ca\/International\/wp-json\/wp\/v2\/types\/post"}],"author":[{"embeddable":true,"href":"https:\/\/linitiative.ca\/International\/wp-json\/wp\/v2\/users\/1969"}],"replies":[{"embeddable":true,"href":"https:\/\/linitiative.ca\/International\/wp-json\/wp\/v2\/comments?post=138114"}],"version-history":[{"count":0,"href":"https:\/\/linitiative.ca\/International\/wp-json\/wp\/v2\/posts\/138114\/revisions"}],"wp:attachment":[{"href":"https:\/\/linitiative.ca\/International\/wp-json\/wp\/v2\/media?parent=138114"}],"wp:term":[{"taxonomy":"category","embeddable":true,"href":"https:\/\/linitiative.ca\/International\/wp-json\/wp\/v2\/categories?post=138114"},{"taxonomy":"post_tag","embeddable":true,"href":"https:\/\/linitiative.ca\/International\/wp-json\/wp\/v2\/tags?post=138114"}],"curies":[{"name":"wp","href":"https:\/\/api.w.org\/{rel}","templated":true}]}}