{"id":138119,"date":"2022-01-10T08:47:00","date_gmt":"2022-01-10T13:47:00","guid":{"rendered":"https:\/\/linitiative.ca\/International\/revision-des-listes-electorales-generales-et-des-chambres-professionnelles-depot-des-tableaux-rectificatifs-provisoires\/"},"modified":"2022-01-10T08:47:00","modified_gmt":"2022-01-10T13:47:00","slug":"revision-des-listes-electorales-generales-et-des-chambres-professionnelles-depot-des-tableaux-rectificatifs-provisoires","status":"publish","type":"post","link":"https:\/\/linitiative.ca\/International\/revision-des-listes-electorales-generales-et-des-chambres-professionnelles-depot-des-tableaux-rectificatifs-provisoires\/","title":{"rendered":"R\u00e9vision des listes \u00e9lectorales g\u00e9n\u00e9rales et des Chambres professionnelles : D\u00e9p\u00f4t des tableaux rectificatifs provisoires"},"content":{"rendered":"<div>\n<p><img loading=\"lazy\" decoding=\"async\" width=\"300\" height=\"153\" src=\"https:\/\/linitiative.ca\/International\/wp-content\/uploads\/sites\/23\/2022\/01\/Election-vote-300x153-1.jpg\" class=\"attachment-medium size-medium wp-post-image\" alt=\"\" srcset=\"https:\/\/linitiative.ca\/International\/wp-content\/uploads\/sites\/23\/2022\/01\/Election-vote-300x153-1.jpg 300w, https:\/\/aujourdhui.ma\/wp-content\/uploads\/2017\/08\/Election-vote.jpg 746w\" sizes=\"auto, (max-width: 300px) 100vw, 300px\"><\/p>\n<p><strong>Les commissions administratives charg\u00e9es de la r\u00e9vision des listes \u00e9lectorales g\u00e9n\u00e9rales et de celles relatives aux Chambres professionnelles ont d\u00e9pos\u00e9, lundi, les tableaux rectificatifs provisoires, indique un communiqu\u00e9 du ministre de l\u2019Int\u00e9rieur.<\/strong><span id=\"more-397049\"><\/span><\/p>\n<p>Le ministre de l\u2019Int\u00e9rieur informe le public que les commissions administratives charg\u00e9es de la r\u00e9vision des listes \u00e9lectorales g\u00e9n\u00e9rales et de celles relatives aux Chambres professionnelles ont tenu, leurs r\u00e9unions entre le 5 et le 9 janvier 2022, dans le cadre de l\u2019op\u00e9ration de r\u00e9vision ordinaire des listes pr\u00e9cit\u00e9es au titre de l\u2019ann\u00e9e en cours.<\/p>\n<p>Ces commissions ont d\u00e9pos\u00e9, lundi matin, les tableaux rectificatifs provisoires portant les d\u00e9cisions prises au sujet de l\u2019actualisation des listes \u00e9lectorales actuelles aupr\u00e8s des bureaux des autorit\u00e9s administratives locales auxquels rel\u00e8vent la circonscription \u00e9lectorale et aux si\u00e8ges des Chambres professionnelles pour les listes \u00e9lectorales professionnelles.<\/p>\n<p>Les int\u00e9ress\u00e9s peuvent consulter les tableaux rectificatifs pr\u00e9cit\u00e9s, conform\u00e9ment aux conditions fix\u00e9es par la loi, durant la p\u00e9riode allant du 10 au 17 janvier pour les listes \u00e9lectorales g\u00e9n\u00e9rales et du 10 au 18 janvier pour les listes relatives aux Chambres professionnelles, ajoute la m\u00eame source.<\/p>\n<p>Par ailleurs, le ministre rappelle aux citoyennes et citoyens r\u00e9pondant aux conditions l\u00e9gales, non encore inscrits sur les listes \u00e9lectorales g\u00e9n\u00e9rales, qu\u2019ils doivent d\u00e9poser leurs demandes aupr\u00e8s des bureaux de l\u2019autorit\u00e9 administrative locale la plus proche de leur lieu de r\u00e9sidence ou via le site \u00e9lectronique (<a href=\"http:\/\/www.listeselectorales.ma\/\">www.listeselectorales.ma<\/a>) au cours de la p\u00e9riode allant du 18 au 24 janvier courant.<\/p>\n<p>Pour les professionnelles et professionnels r\u00e9pondant aux conditions l\u00e9gales, non inscrits sur les listes \u00e9lectorales des Chambres professionnelles, ils peuvent pr\u00e9senter leurs demandes d\u2019inscription aupr\u00e8s des bureaux de l\u2019autorit\u00e9 administrative locale la plus proche du lieu o\u00f9 ils exercent leurs activit\u00e9s professionnelles, durant la m\u00eame p\u00e9riode consacr\u00e9e au d\u00e9p\u00f4t des tableaux rectificatifs provisoires, soit entre le 10 et le 18 janvier.<\/p>\n<p>Ces nouvelles demandes d\u2019inscription seront soumises aux commissions administratives en vue de les examiner et y statuer lors des r\u00e9unions qu\u2019elles tiendront \u00e0 cette fin du 10 au 14 f\u00e9vrier 2022, conclut le communiqu\u00e9.<\/p>\n<\/div>\n<p>Auteur: ALM<br \/>\n<a href=\"https:\/\/aujourdhui.ma\/actualite\/revision-des-listes-electorales-generales-et-des-chambres-professionnelles-depot-des-tableaux-rectificatifs-provisoires\">Cliquez ici pour lire l&rsquo;article depuis sa source.<\/a><\/p>\n","protected":false},"excerpt":{"rendered":"<p>Les commissions administratives charg\u00e9es de la r\u00e9vision des listes \u00e9lectorales g\u00e9n\u00e9rales et de celles relatives aux Chambres professionnelles ont d\u00e9pos\u00e9, lundi, les tableaux rectificatifs provisoires, indique un communiqu\u00e9 du ministre de l\u2019Int\u00e9rieur. Le ministre de l\u2019Int\u00e9rieur informe le public que les commissions administratives charg\u00e9es de la r\u00e9vision des listes \u00e9lectorales g\u00e9n\u00e9rales et de celles relatives [&hellip;]<\/p>\n","protected":false},"author":1759,"featured_media":0,"comment_status":"closed","ping_status":"closed","sticky":false,"template":"","format":"standard","meta":{"fifu_image_url":"https:\/\/aujourdhui.ma\/wp-content\/uploads\/2017\/08\/Election-vote-300x153.jpg","fifu_image_alt":"R\u00e9vision des listes \u00e9lectorales g\u00e9n\u00e9rales et des Chambres professionnelles : D\u00e9p\u00f4t des tableaux rectificatifs provisoires","footnotes":""},"categories":[73,54],"tags":[],"class_list":["post-138119","post","type-post","status-publish","format-standard","hentry","category-actualite","category-maroc"],"_links":{"self":[{"href":"https:\/\/linitiative.ca\/International\/wp-json\/wp\/v2\/posts\/138119","targetHints":{"allow":["GET"]}}],"collection":[{"href":"https:\/\/linitiative.ca\/International\/wp-json\/wp\/v2\/posts"}],"about":[{"href":"https:\/\/linitiative.ca\/International\/wp-json\/wp\/v2\/types\/post"}],"author":[{"embeddable":true,"href":"https:\/\/linitiative.ca\/International\/wp-json\/wp\/v2\/users\/1759"}],"replies":[{"embeddable":true,"href":"https:\/\/linitiative.ca\/International\/wp-json\/wp\/v2\/comments?post=138119"}],"version-history":[{"count":0,"href":"https:\/\/linitiative.ca\/International\/wp-json\/wp\/v2\/posts\/138119\/revisions"}],"wp:attachment":[{"href":"https:\/\/linitiative.ca\/International\/wp-json\/wp\/v2\/media?parent=138119"}],"wp:term":[{"taxonomy":"category","embeddable":true,"href":"https:\/\/linitiative.ca\/International\/wp-json\/wp\/v2\/categories?post=138119"},{"taxonomy":"post_tag","embeddable":true,"href":"https:\/\/linitiative.ca\/International\/wp-json\/wp\/v2\/tags?post=138119"}],"curies":[{"name":"wp","href":"https:\/\/api.w.org\/{rel}","templated":true}]}}