{"id":138121,"date":"2022-01-10T09:08:17","date_gmt":"2022-01-10T14:08:17","guid":{"rendered":"https:\/\/linitiative.ca\/International\/le-musee-mohammed-vi-dart-moderne-et-contemporain-passe-au-vert\/"},"modified":"2022-01-10T09:08:17","modified_gmt":"2022-01-10T14:08:17","slug":"le-musee-mohammed-vi-dart-moderne-et-contemporain-passe-au-vert","status":"publish","type":"post","link":"https:\/\/linitiative.ca\/International\/le-musee-mohammed-vi-dart-moderne-et-contemporain-passe-au-vert\/","title":{"rendered":"Le Mus\u00e9e Mohammed VI d\u2019Art Moderne et Contemporain passe au Vert"},"content":{"rendered":"<div>\n<p><img loading=\"lazy\" decoding=\"async\" width=\"300\" height=\"153\" src=\"https:\/\/linitiative.ca\/International\/wp-content\/uploads\/sites\/23\/2022\/01\/MMVI-Musee-Mohammed-VI-d-art-moderne-et-contemporain-300x153-1.jpg\" class=\"attachment-medium size-medium wp-post-image\" alt=\"\" srcset=\"https:\/\/linitiative.ca\/International\/wp-content\/uploads\/sites\/23\/2022\/01\/MMVI-Musee-Mohammed-VI-d-art-moderne-et-contemporain-300x153-1.jpg 300w, https:\/\/aujourdhui.ma\/wp-content\/uploads\/2018\/07\/MMVI-Musee-Mohammed-VI-d-art-moderne-et-contemporain.jpg 746w\" sizes=\"auto, (max-width: 300px) 100vw, 300px\"><\/p>\n<p><strong>Le Mus\u00e9e Mohammed VI d\u2019Art moderne et Contemporain (MMVI) sera le premier mus\u00e9e africain \u00e0 int\u00e9grer une solution solaire avec un syst\u00e8me intelligent de stockage et de gestion de l\u2019\u00e9nergie.<\/strong><span id=\"more-397051\"><\/span><br \/>\nCette initiative, qui s\u2019inscrit dans le cadre du strict respect de l\u2019engagement ferme de Sa Majest\u00e9 le Roi Mohammed VI en mati\u00e8re de lutte contre le changement climatique et Son appel \u00e0 \u00ab\u00a0un \u00e9veil de la conscience mondiale et \u00e0 un engagement collectif responsable permettant de faire face aux changements climatiques\u00a0\u00bb pour assurer un avenir meilleur \u00e0 toute l\u2019humanit\u00e9, fera du MMVI \u00ab\u00a0le mod\u00e8le parfait de l\u2019alliance harmonieuse de l\u2019art \u00e0 la responsabilit\u00e9 environnementale\u00a0\u00bb, indique un communiqu\u00e9 conjoint de la Fondation Nationale des Mus\u00e9es (FNM) et de l\u2019Institut de Recherche en Energie Solaire et Energies Nouvelles (IRESEN).<\/p>\n<p>La FNM, conjointement avec l\u2019IRESEN et sa plateforme internationale de recherche Green Energy Park, avaient sign\u00e9, en octobre 2020, une convention de partenariat afin de d\u00e9velopper un mod\u00e8le innovant de production et gestion de l\u2019\u00e9nergie au niveau du MMVI.<br \/>\nCe mod\u00e8le de transition \u00e9nerg\u00e9tique, d\u00e9velopp\u00e9 par la plateforme Green Energy Park de l\u2019IRESEN, s\u2019appuie sur une approche mixte regroupant l\u2019int\u00e9gration de source d\u2019\u00e9nergie renouvelable et ce \u00e0 travers la mise en place d\u2019une centrale solaire photovolta\u00efque en toiture d\u2019une puissance de 130 kWc ainsi qu\u2019un syst\u00e8me photovolta\u00efque int\u00e9gr\u00e9 \u00e0 la chauss\u00e9e, permettant l\u2019alimentation du b\u00e2timent, et r\u00e9duisant ainsi la facture \u00e9nerg\u00e9tique du MMVI de 50%, pr\u00e9cise-t-on.<\/p>\n<p>Il s\u2019appuie \u00e9galement sur une automatisation compl\u00e8te de la supervision et gestion des param\u00e8tres environnementaux (humidit\u00e9 relative, temp\u00e9rature, et qualit\u00e9 d\u2019air).<br \/>\nUn nouveau syst\u00e8me de supervision en temps r\u00e9el, tenant compte des exigences de conservation des \u0153uvres, fut d\u00e9velopp\u00e9, permettant un contr\u00f4le automatique de ces diff\u00e9rents param\u00e8tres et optimisant, par cons\u00e9quent, la consommation \u00e9nerg\u00e9tique des terminaux \u00e9nergivores, ajoute le communiqu\u00e9, notant que ce mod\u00e8le int\u00e8gre une solution de stockage de 20 kWh permettant une meilleure gestion de la consommation lors des heures de pointes.<\/p>\n<p>Ainsi, ce premier projet pilote permet aux \u00e9quipes du consortium la validation technologique de ce mod\u00e8le unique et innovant. Ce premier d\u00e9monstrateur ouvre la voie vers une g\u00e9n\u00e9ralisation de ce mod\u00e8le \u00e0 l\u2019ensemble des mus\u00e9es de la Fondation, et qui sera men\u00e9 conjointement avec les diff\u00e9rents partenaires institutionnels du secteur de l\u2019\u00e9nergie marocain.<br \/>\nIl permettra le positionnement des mus\u00e9es marocains comme leaders de la transition \u00e9nerg\u00e9tique dans ce secteur sur le continent africain, conclut le communiqu\u00e9.<\/p>\n<\/div>\n<p>Auteur: ALM<br \/>\n<a href=\"https:\/\/aujourdhui.ma\/culture\/le-musee-mohammed-vi-dart-moderne-et-contemporain-passe-au-vert\">Cliquez ici pour lire l&rsquo;article depuis sa source.<\/a><\/p>\n","protected":false},"excerpt":{"rendered":"<p>Le Mus\u00e9e Mohammed VI d\u2019Art moderne et Contemporain (MMVI) sera le premier mus\u00e9e africain \u00e0 int\u00e9grer une solution solaire avec un syst\u00e8me intelligent de stockage et de gestion de l\u2019\u00e9nergie. Cette initiative, qui s\u2019inscrit dans le cadre du strict respect de l\u2019engagement ferme de Sa Majest\u00e9 le Roi Mohammed VI en mati\u00e8re de lutte contre [&hellip;]<\/p>\n","protected":false},"author":1759,"featured_media":0,"comment_status":"closed","ping_status":"closed","sticky":false,"template":"","format":"standard","meta":{"fifu_image_url":"https:\/\/aujourdhui.ma\/wp-content\/uploads\/2018\/07\/MMVI-Musee-Mohammed-VI-d-art-moderne-et-contemporain-300x153.jpg","fifu_image_alt":"Le Mus\u00e9e Mohammed VI d\u2019Art Moderne et Contemporain passe au Vert","footnotes":""},"categories":[73,54],"tags":[],"class_list":["post-138121","post","type-post","status-publish","format-standard","hentry","category-actualite","category-maroc"],"_links":{"self":[{"href":"https:\/\/linitiative.ca\/International\/wp-json\/wp\/v2\/posts\/138121","targetHints":{"allow":["GET"]}}],"collection":[{"href":"https:\/\/linitiative.ca\/International\/wp-json\/wp\/v2\/posts"}],"about":[{"href":"https:\/\/linitiative.ca\/International\/wp-json\/wp\/v2\/types\/post"}],"author":[{"embeddable":true,"href":"https:\/\/linitiative.ca\/International\/wp-json\/wp\/v2\/users\/1759"}],"replies":[{"embeddable":true,"href":"https:\/\/linitiative.ca\/International\/wp-json\/wp\/v2\/comments?post=138121"}],"version-history":[{"count":0,"href":"https:\/\/linitiative.ca\/International\/wp-json\/wp\/v2\/posts\/138121\/revisions"}],"wp:attachment":[{"href":"https:\/\/linitiative.ca\/International\/wp-json\/wp\/v2\/media?parent=138121"}],"wp:term":[{"taxonomy":"category","embeddable":true,"href":"https:\/\/linitiative.ca\/International\/wp-json\/wp\/v2\/categories?post=138121"},{"taxonomy":"post_tag","embeddable":true,"href":"https:\/\/linitiative.ca\/International\/wp-json\/wp\/v2\/tags?post=138121"}],"curies":[{"name":"wp","href":"https:\/\/api.w.org\/{rel}","templated":true}]}}