{"id":138123,"date":"2022-01-10T10:40:24","date_gmt":"2022-01-10T15:40:24","guid":{"rendered":"https:\/\/linitiative.ca\/International\/covid-19-maroc-la-situation-epidemiologique-au-10-janvier-2022-a-16h00\/"},"modified":"2022-01-10T10:40:24","modified_gmt":"2022-01-10T15:40:24","slug":"covid-19-maroc-la-situation-epidemiologique-au-10-janvier-2022-a-16h00","status":"publish","type":"post","link":"https:\/\/linitiative.ca\/International\/covid-19-maroc-la-situation-epidemiologique-au-10-janvier-2022-a-16h00\/","title":{"rendered":"Covid-19 \/ Maroc : La situation \u00e9pid\u00e9miologique au 10 Janvier 2022 \u00e0 16H00"},"content":{"rendered":"<div>\n<p><img loading=\"lazy\" decoding=\"async\" width=\"300\" height=\"153\" src=\"https:\/\/linitiative.ca\/International\/wp-content\/uploads\/sites\/23\/2022\/01\/Vaccin-Covid19-coronavirus-300x153-2.jpg\" class=\"attachment-medium size-medium wp-post-image\" alt=\"\" srcset=\"https:\/\/linitiative.ca\/International\/wp-content\/uploads\/sites\/23\/2022\/01\/Vaccin-Covid19-coronavirus-300x153-2.jpg 300w, https:\/\/aujourdhui.ma\/wp-content\/uploads\/2021\/11\/Vaccin-Covid19-coronavirus-274x140.jpg 274w, https:\/\/aujourdhui.ma\/wp-content\/uploads\/2021\/11\/Vaccin-Covid19-coronavirus.jpg 746w, https:\/\/aujourdhui.ma\/wp-content\/uploads\/2021\/11\/Vaccin-Covid19-coronavirus-165x84.jpg 165w, https:\/\/aujourdhui.ma\/wp-content\/uploads\/2021\/11\/Vaccin-Covid19-coronavirus-702x358.jpg 702w\" sizes=\"auto, (max-width: 300px) 100vw, 300px\"><\/p>\n<p>2.622 nouveaux cas soit un cumul de 1.004.706 cas \u00e0 ce jour.<br \/>\n1.346 gu\u00e9risons soit un cumul de 952.751 \u00e0 ce jour.<br \/>\n4 nouveaux d\u00e9c\u00e8s donc un cumul de 14.915 \u00e0 ce jour<\/p>\n<p><strong>Nombre de personnes vaccin\u00e9es au 10 Janvier 16H00<\/strong><\/p>\n<p>1\u00e8re dose :<strong> 24 597 287<br \/>\n<\/strong><\/p>\n<p>2\u00e8me dose : <strong>22 982 161 <\/strong><\/p>\n<p>3\u00e8me dose :<strong> 3 525 886<\/strong><\/p>\n<p><a href=\"https:\/\/linitiative.ca\/International\/wp-content\/uploads\/sites\/23\/2022\/01\/WhatsApp-Image-2022-01-10-at-16.25.14.jpeg\"><img loading=\"lazy\" decoding=\"async\" class=\"aligncenter size-full wp-image-397062\" src=\"https:\/\/linitiative.ca\/International\/wp-content\/uploads\/sites\/23\/2022\/01\/WhatsApp-Image-2022-01-10-at-16.25.14.jpeg\" alt=\"\" width=\"1069\" height=\"1600\" srcset=\"https:\/\/linitiative.ca\/International\/wp-content\/uploads\/sites\/23\/2022\/01\/WhatsApp-Image-2022-01-10-at-16.25.14.jpeg 1069w, https:\/\/aujourdhui.ma\/wp-content\/uploads\/2022\/01\/WhatsApp-Image-2022-01-10-at-16.25.14-200x300.jpeg 200w, https:\/\/aujourdhui.ma\/wp-content\/uploads\/2022\/01\/WhatsApp-Image-2022-01-10-at-16.25.14-684x1024.jpeg 684w, https:\/\/aujourdhui.ma\/wp-content\/uploads\/2022\/01\/WhatsApp-Image-2022-01-10-at-16.25.14-768x1149.jpeg 768w, https:\/\/aujourdhui.ma\/wp-content\/uploads\/2022\/01\/WhatsApp-Image-2022-01-10-at-16.25.14-1026x1536.jpeg 1026w\" sizes=\"auto, (max-width: 1069px) 100vw, 1069px\"><\/a> <a href=\"https:\/\/linitiative.ca\/International\/wp-content\/uploads\/sites\/23\/2022\/01\/WhatsApp-Image-2022-01-10-at-16.25.141.jpeg\"><img loading=\"lazy\" decoding=\"async\" class=\"aligncenter size-full wp-image-397061\" src=\"https:\/\/linitiative.ca\/International\/wp-content\/uploads\/sites\/23\/2022\/01\/WhatsApp-Image-2022-01-10-at-16.25.141.jpeg\" alt=\"\" width=\"1114\" height=\"1600\" srcset=\"https:\/\/linitiative.ca\/International\/wp-content\/uploads\/sites\/23\/2022\/01\/WhatsApp-Image-2022-01-10-at-16.25.141.jpeg 1114w, https:\/\/aujourdhui.ma\/wp-content\/uploads\/2022\/01\/WhatsApp-Image-2022-01-10-at-16.25.141-209x300.jpeg 209w, https:\/\/aujourdhui.ma\/wp-content\/uploads\/2022\/01\/WhatsApp-Image-2022-01-10-at-16.25.141-713x1024.jpeg 713w, https:\/\/aujourdhui.ma\/wp-content\/uploads\/2022\/01\/WhatsApp-Image-2022-01-10-at-16.25.141-768x1103.jpeg 768w, https:\/\/aujourdhui.ma\/wp-content\/uploads\/2022\/01\/WhatsApp-Image-2022-01-10-at-16.25.141-1069x1536.jpeg 1069w\" sizes=\"auto, (max-width: 1114px) 100vw, 1114px\"><\/a> <a href=\"https:\/\/linitiative.ca\/International\/wp-content\/uploads\/sites\/23\/2022\/01\/WhatsApp-Image-2022-01-10-at-16.25.58.jpeg\"><img loading=\"lazy\" decoding=\"async\" class=\"aligncenter size-full wp-image-397059\" src=\"https:\/\/linitiative.ca\/International\/wp-content\/uploads\/sites\/23\/2022\/01\/WhatsApp-Image-2022-01-10-at-16.25.58.jpeg\" alt=\"\" width=\"1031\" height=\"1600\" srcset=\"https:\/\/linitiative.ca\/International\/wp-content\/uploads\/sites\/23\/2022\/01\/WhatsApp-Image-2022-01-10-at-16.25.58.jpeg 1031w, https:\/\/aujourdhui.ma\/wp-content\/uploads\/2022\/01\/WhatsApp-Image-2022-01-10-at-16.25.58-193x300.jpeg 193w, https:\/\/aujourdhui.ma\/wp-content\/uploads\/2022\/01\/WhatsApp-Image-2022-01-10-at-16.25.58-660x1024.jpeg 660w, https:\/\/aujourdhui.ma\/wp-content\/uploads\/2022\/01\/WhatsApp-Image-2022-01-10-at-16.25.58-768x1192.jpeg 768w, https:\/\/aujourdhui.ma\/wp-content\/uploads\/2022\/01\/WhatsApp-Image-2022-01-10-at-16.25.58-990x1536.jpeg 990w\" sizes=\"auto, (max-width: 1031px) 100vw, 1031px\"><\/a> <a href=\"https:\/\/linitiative.ca\/International\/wp-content\/uploads\/sites\/23\/2022\/01\/WhatsApp-Image-2022-01-10-at-16.26.05.jpeg\"><img loading=\"lazy\" decoding=\"async\" class=\"aligncenter size-full wp-image-397058\" src=\"https:\/\/linitiative.ca\/International\/wp-content\/uploads\/sites\/23\/2022\/01\/WhatsApp-Image-2022-01-10-at-16.26.05.jpeg\" alt=\"\" width=\"1170\" height=\"681\" srcset=\"https:\/\/linitiative.ca\/International\/wp-content\/uploads\/sites\/23\/2022\/01\/WhatsApp-Image-2022-01-10-at-16.26.05.jpeg 1170w, https:\/\/aujourdhui.ma\/wp-content\/uploads\/2022\/01\/WhatsApp-Image-2022-01-10-at-16.26.05-300x175.jpeg 300w, https:\/\/aujourdhui.ma\/wp-content\/uploads\/2022\/01\/WhatsApp-Image-2022-01-10-at-16.26.05-1024x596.jpeg 1024w, https:\/\/aujourdhui.ma\/wp-content\/uploads\/2022\/01\/WhatsApp-Image-2022-01-10-at-16.26.05-768x447.jpeg 768w\" sizes=\"auto, (max-width: 1170px) 100vw, 1170px\"><\/a><\/p>\n<\/div>\n<p>Auteur: ALM<br \/>\n<a href=\"https:\/\/aujourdhui.ma\/actualite\/covid-19-maroc-la-situation-epidemiologique-au-10-janvier-2022-a-16h00\">Cliquez ici pour lire l&rsquo;article depuis sa source.<\/a><\/p>\n","protected":false},"excerpt":{"rendered":"<p>2.622 nouveaux cas soit un cumul de 1.004.706 cas \u00e0 ce jour. 1.346 gu\u00e9risons soit un cumul de 952.751 \u00e0 ce jour. 4 nouveaux d\u00e9c\u00e8s donc un cumul de 14.915 \u00e0 ce jour Nombre de personnes vaccin\u00e9es au 10 Janvier 16H00 1\u00e8re dose : 24 597 287 2\u00e8me dose : 22 982 161 3\u00e8me dose [&hellip;]<\/p>\n","protected":false},"author":1759,"featured_media":0,"comment_status":"closed","ping_status":"closed","sticky":false,"template":"","format":"standard","meta":{"fifu_image_url":"https:\/\/aujourdhui.ma\/wp-content\/uploads\/2021\/11\/Vaccin-Covid19-coronavirus-300x153.jpg","fifu_image_alt":"Covid-19 \/ Maroc : La situation \u00e9pid\u00e9miologique au 10 Janvier 2022 \u00e0 16H00","footnotes":""},"categories":[73,54],"tags":[],"class_list":["post-138123","post","type-post","status-publish","format-standard","hentry","category-actualite","category-maroc"],"_links":{"self":[{"href":"https:\/\/linitiative.ca\/International\/wp-json\/wp\/v2\/posts\/138123","targetHints":{"allow":["GET"]}}],"collection":[{"href":"https:\/\/linitiative.ca\/International\/wp-json\/wp\/v2\/posts"}],"about":[{"href":"https:\/\/linitiative.ca\/International\/wp-json\/wp\/v2\/types\/post"}],"author":[{"embeddable":true,"href":"https:\/\/linitiative.ca\/International\/wp-json\/wp\/v2\/users\/1759"}],"replies":[{"embeddable":true,"href":"https:\/\/linitiative.ca\/International\/wp-json\/wp\/v2\/comments?post=138123"}],"version-history":[{"count":0,"href":"https:\/\/linitiative.ca\/International\/wp-json\/wp\/v2\/posts\/138123\/revisions"}],"wp:attachment":[{"href":"https:\/\/linitiative.ca\/International\/wp-json\/wp\/v2\/media?parent=138123"}],"wp:term":[{"taxonomy":"category","embeddable":true,"href":"https:\/\/linitiative.ca\/International\/wp-json\/wp\/v2\/categories?post=138123"},{"taxonomy":"post_tag","embeddable":true,"href":"https:\/\/linitiative.ca\/International\/wp-json\/wp\/v2\/tags?post=138123"}],"curies":[{"name":"wp","href":"https:\/\/api.w.org\/{rel}","templated":true}]}}