{"id":138134,"date":"2022-01-10T07:36:26","date_gmt":"2022-01-10T12:36:26","guid":{"rendered":"https:\/\/linitiative.ca\/International\/previsions-meteorologiques-pour-le-mardi-11-janvier-2022\/"},"modified":"2022-01-10T07:36:26","modified_gmt":"2022-01-10T12:36:26","slug":"previsions-meteorologiques-pour-le-mardi-11-janvier-2022","status":"publish","type":"post","link":"https:\/\/linitiative.ca\/International\/previsions-meteorologiques-pour-le-mardi-11-janvier-2022\/","title":{"rendered":"Pr\u00e9visions m\u00e9t\u00e9orologiques pour le mardi 11 janvier 2022"},"content":{"rendered":"<div>\n<div style=\"margin-bottom:20px;\"><img loading=\"lazy\" decoding=\"async\" width=\"750\" height=\"430\" src=\"https:\/\/linitiative.ca\/International\/wp-content\/uploads\/sites\/23\/2022\/01\/mC3A9tC3A9o.jpg\" class=\"attachment-post-thumbnail size-post-thumbnail wp-post-image\" alt=\"\" srcset=\"https:\/\/linitiative.ca\/International\/wp-content\/uploads\/sites\/23\/2022\/01\/mC3A9tC3A9o.jpg 750w, https:\/\/www.mapmarrakech.ma\/map\/uploads\/2022\/01\/m\u00e9t\u00e9o-300x172.jpg 300w\" sizes=\"auto, (max-width: 750px) 100vw, 750px\"><\/div>\n<p>\u2013 Temps assez froid sur l\u2019int\u00e9rieur, notamment l\u2019Atlas, le Rif, le Sud-Est et l\u2019Oriental avec de la gel\u00e9e locale.<\/p>\n<p>\u2013 Bruine locale sur l\u2019Ouest de la M\u00e9diterran\u00e9e.<\/p>\n<p>\u2013 Formations brumeuses matinales et nocturnes par endroits sur les plaines atlantiques Nord.<\/p>\n<p>\u2013 Vent mod\u00e9r\u00e9 \u00e0 assez fort de secteur est sur le Tang\u00e9rois.<\/p>\n<p>\u2013 Temp\u00e9ratures minimales de l\u2019ordre de -03\/03\u00b0C sur l\u2019Atlas, de 00\/05\u00b0C sur le Rif, le Sud de l\u2019Oriental et les plateaux de Phosphates, de 08\/15\u00b0C sur les c\u00f4tes Nord et Centre, le Souss et le Sud et de 05\/09\u00b0C partout ailleurs.<\/p>\n<p>\u2013 Temp\u00e9ratures du jour en baisse sur l\u2019Oriental, l\u2019Atlas et le Sud-est et en hausse sur le Nord des provinces Sud.<\/p>\n<p>\u2013 Mer belle \u00e0 peu agit\u00e9e sur la m\u00e9diterran\u00e9e et le d\u00e9troit, peu agit\u00e9e \u00e0 agit\u00e9e au Nord de Rabat, agit\u00e9e \u00e0 localement forte entre Rabat et Tarfaya et peu agit\u00e9e au Sud.<\/p>\n<p>The post <a rel=\"nofollow\" href=\"https:\/\/www.mapmarrakech.ma\/fr\/previsions-meteorologiques-pour-le-mardi-11-janvier-2022\/\">Pr\u00e9visions m\u00e9t\u00e9orologiques pour le mardi 11 janvier 2022<\/a> appeared first on <a rel=\"nofollow\" href=\"https:\/\/www.mapmarrakech.ma\/fr\">MapMarrakech<\/a>.<\/p>\n<\/div>\n<p>Auteur: Meriem IGASS<br \/>\n<a href=\"https:\/\/www.mapmarrakech.ma\/fr\/previsions-meteorologiques-pour-le-mardi-11-janvier-2022\/\">Cliquez ici pour lire l&rsquo;article depuis sa source.<\/a><\/p>\n","protected":false},"excerpt":{"rendered":"<p>\u2013 Temps assez froid sur l\u2019int\u00e9rieur, notamment l\u2019Atlas, le Rif, le Sud-Est et l\u2019Oriental avec de la gel\u00e9e locale. \u2013 Bruine locale sur l\u2019Ouest de la M\u00e9diterran\u00e9e. \u2013 Formations brumeuses matinales et nocturnes par endroits sur les plaines atlantiques Nord. \u2013 Vent mod\u00e9r\u00e9 \u00e0 assez fort de secteur est sur le Tang\u00e9rois. \u2013 Temp\u00e9ratures minimales [&hellip;]<\/p>\n","protected":false},"author":1788,"featured_media":0,"comment_status":"closed","ping_status":"closed","sticky":false,"template":"","format":"standard","meta":{"fifu_image_url":"https:\/\/www.mapmarrakech.ma\/map\/uploads\/2022\/01\/m\u00e9t\u00e9o.jpg","fifu_image_alt":"Pr\u00e9visions m\u00e9t\u00e9orologiques pour le mardi 11 janvier 2022","footnotes":""},"categories":[54,76],"tags":[],"class_list":["post-138134","post","type-post","status-publish","format-standard","hentry","category-maroc","category-regions"],"_links":{"self":[{"href":"https:\/\/linitiative.ca\/International\/wp-json\/wp\/v2\/posts\/138134","targetHints":{"allow":["GET"]}}],"collection":[{"href":"https:\/\/linitiative.ca\/International\/wp-json\/wp\/v2\/posts"}],"about":[{"href":"https:\/\/linitiative.ca\/International\/wp-json\/wp\/v2\/types\/post"}],"author":[{"embeddable":true,"href":"https:\/\/linitiative.ca\/International\/wp-json\/wp\/v2\/users\/1788"}],"replies":[{"embeddable":true,"href":"https:\/\/linitiative.ca\/International\/wp-json\/wp\/v2\/comments?post=138134"}],"version-history":[{"count":0,"href":"https:\/\/linitiative.ca\/International\/wp-json\/wp\/v2\/posts\/138134\/revisions"}],"wp:attachment":[{"href":"https:\/\/linitiative.ca\/International\/wp-json\/wp\/v2\/media?parent=138134"}],"wp:term":[{"taxonomy":"category","embeddable":true,"href":"https:\/\/linitiative.ca\/International\/wp-json\/wp\/v2\/categories?post=138134"},{"taxonomy":"post_tag","embeddable":true,"href":"https:\/\/linitiative.ca\/International\/wp-json\/wp\/v2\/tags?post=138134"}],"curies":[{"name":"wp","href":"https:\/\/api.w.org\/{rel}","templated":true}]}}