{"id":138140,"date":"2022-01-10T12:04:22","date_gmt":"2022-01-10T17:04:22","guid":{"rendered":"https:\/\/linitiative.ca\/International\/la-3e-vague-tres-rapide-avec-un-temps-de-doublement-de-4-jours\/"},"modified":"2022-01-10T12:04:22","modified_gmt":"2022-01-10T17:04:22","slug":"la-3e-vague-tres-rapide-avec-un-temps-de-doublement-de-4-jours","status":"publish","type":"post","link":"https:\/\/linitiative.ca\/International\/la-3e-vague-tres-rapide-avec-un-temps-de-doublement-de-4-jours\/","title":{"rendered":"La 3\u00e8 vague, \u00ab\u00a0tr\u00e8s rapide\u00a0\u00bb avec un temps de doublement de 4 jours"},"content":{"rendered":"<div>\n<div style=\"margin-bottom:20px;\"><img loading=\"lazy\" decoding=\"async\" width=\"750\" height=\"430\" src=\"https:\/\/linitiative.ca\/International\/wp-content\/uploads\/sites\/23\/2022\/01\/mouad-merabet.jpg\" class=\"attachment-post-thumbnail size-post-thumbnail wp-post-image\" alt=\"\" srcset=\"https:\/\/linitiative.ca\/International\/wp-content\/uploads\/sites\/23\/2022\/01\/mouad-merabet.jpg 750w, https:\/\/www.mapmarrakech.ma\/map\/uploads\/2022\/01\/mouad-merabet-300x172.jpg 300w\" sizes=\"auto, (max-width: 750px) 100vw, 750px\"><\/div>\n<p>\u00ab\u00a0La vague III est tr\u00e8s rapide avec un temps de doublement de 4 jours, alors qu\u2019il \u00e9tait de 8 jours dans les 4 premi\u00e8res semaines de la vague DELTA et de 14-15 jours dans les 4 premi\u00e8res semaines de la vague I\u00a0\u00bb, a \u00e9crit M. Mrabet, \u00e9galement pr\u00e9sident de l\u2019Association nationale d\u2019\u00e9pid\u00e9miologie du terrain, dans un commentaire sur la situation \u00e9pid\u00e9miologique de la Covid-19 au 09 janvier, post\u00e9 sur LinkedIn.<\/p>\n<p>Soulignant qu\u2019\u00e0 la 4\u00e8me semaine de la 3\u00e8me vague, le \u00ab\u00a0Maroc passe au niveau rouge\u00a0\u00bb, l\u2019expert a relev\u00e9 que sans surprises, les nouvelles contaminations continuent \u00e0 augmenter de fa\u00e7on tr\u00e8s rapide pour la 4\u00e8me semaine cons\u00e9cutive, avec un dernier Weekly Change record : 231.3%, jamais enregistr\u00e9 depuis le d\u00e9but de la transmission communautaire du virus au Maroc.<\/p>\n<p>Le taux de positivit\u00e9 hebdomadaire a augment\u00e9 au niveau de toutes les r\u00e9gions, avec un doublement au niveau national (de 10.2% \u00e0 21.7%), a-t-il ajout\u00e9, poursuivant que le taux de reproduction effectif du SARS-CoV-2 est de 1.33 (Ecart-type : 0.01).<\/p>\n<p>L\u2019incidence de la Covidose grave cette semaine a malheureusement augment\u00e9 aussi :1\/100.000 Hts et la mortalit\u00e9 sp\u00e9cifique aussi de 0.5 \u00e0 1.5\/1 million d\u2019habitants. Ces deux derniers indicateurs vont augmenter malheureusement les semaines prochaines, a averti M. Mrabet.<\/p>\n<p>Le niveau de transmission du SARS-CoV-2 est \u00e9lev\u00e9 \u00e0 l\u2019\u00e9chelon national, tr\u00e8s \u00e9lev\u00e9 \u00e0 la r\u00e9gion de Casa-Settat, \u00e9lev\u00e9 aux r\u00e9gions Rabat-Sal\u00e9-K\u00e9nitra et Marrakech-Safi et mod\u00e9r\u00e9 aux autres r\u00e9gions, a-t-il indiqu\u00e9, faisant \u00e9tat d\u2019un d\u00e9calage de 3 semaines entre le centre du Maroc, le nord avec le sud. Les pics seront atteints \u00e0 des dates diff\u00e9rentes selon les r\u00e9gions, a-t-il fait observer.<\/p>\n<p>Au demeurant, a conclu M. Mrabet, l\u2019objectif reste toujours la r\u00e9duction de la gravit\u00e9 et de la mortalit\u00e9 de la vague \u00e0 travers trois actions, \u00e0 savoir les \u00ab\u00a0mesures pr\u00e9ventives individuelles : Masque, distanciation, hygi\u00e8ne\u00a0\u00bb, \u00ab\u00a0la vaccination, notamment la 3\u00e8me dose qu\u2019on peut vraiment consid\u00e9rer comme vaccination de riposte avec le d\u00e9lai court de r\u00e9ponse vaccinale\u00a0\u00bb et \u00ab\u00a0le respect du protocole th\u00e9rapeutique : chose dont on parle tr\u00e8s rarement\u00a0\u00bb.<\/p>\n<p>D\u00e9taillant la troisi\u00e8me action, il a insist\u00e9 qu\u2019une personne symptomatique doit arr\u00eater toute activit\u00e9 en groupe, y compris le travail et doit rapidement se faire tester, alors qu\u2019une personne positive doit rapidement prendre son traitement complet et aussi informer ses contacts rapproch\u00e9s pour chercher \u00e0 se faire tester. Une personne malade doit respecter l\u2019auto-isolement \u00e0 domicile : acte de citoyennet\u00e9, de m\u00eame qu\u2019une personne positive \u00e0 domicile doit \u00eatre tr\u00e8s vigilante pour ne pas contaminer ses proches et, enfin, une personne malade doit surveiller son \u00e9tat de sant\u00e9 et rapidement consulter en urgence l\u2019h\u00f4pital si un signe d\u2019aggravation de l\u2019\u00e9tat de sant\u00e9 se manifeste, a-t-il dit.<\/p>\n<p>The post <a rel=\"nofollow\" href=\"https:\/\/www.mapmarrakech.ma\/fr\/covid-19-la-3e-vague-tres-rapide-avec-un-temps-de-doublement-de-4-jours\/\">La 3\u00e8 vague, \u00ab\u00a0tr\u00e8s rapide\u00a0\u00bb avec un temps de doublement de 4 jours<\/a> appeared first on <a rel=\"nofollow\" href=\"https:\/\/www.mapmarrakech.ma\/fr\">MapMarrakech<\/a>.<\/p>\n<\/div>\n<p>Auteur: Meriem IGASS<br \/>\n<a href=\"https:\/\/www.mapmarrakech.ma\/fr\/covid-19-la-3e-vague-tres-rapide-avec-un-temps-de-doublement-de-4-jours\/\">Cliquez ici pour lire l&rsquo;article depuis sa source.<\/a><\/p>\n","protected":false},"excerpt":{"rendered":"<p>\u00ab\u00a0La vague III est tr\u00e8s rapide avec un temps de doublement de 4 jours, alors qu\u2019il \u00e9tait de 8 jours dans les 4 premi\u00e8res semaines de la vague DELTA et de 14-15 jours dans les 4 premi\u00e8res semaines de la vague I\u00a0\u00bb, a \u00e9crit M. Mrabet, \u00e9galement pr\u00e9sident de l\u2019Association nationale d\u2019\u00e9pid\u00e9miologie du terrain, dans [&hellip;]<\/p>\n","protected":false},"author":1788,"featured_media":0,"comment_status":"closed","ping_status":"closed","sticky":false,"template":"","format":"standard","meta":{"fifu_image_url":"https:\/\/www.mapmarrakech.ma\/map\/uploads\/2022\/01\/mouad-merabet.jpg","fifu_image_alt":"La 3\u00e8 vague, \u00ab\u00a0tr\u00e8s rapide\u00a0\u00bb avec un temps de doublement de 4 jours","footnotes":""},"categories":[54,76],"tags":[],"class_list":["post-138140","post","type-post","status-publish","format-standard","hentry","category-maroc","category-regions"],"_links":{"self":[{"href":"https:\/\/linitiative.ca\/International\/wp-json\/wp\/v2\/posts\/138140","targetHints":{"allow":["GET"]}}],"collection":[{"href":"https:\/\/linitiative.ca\/International\/wp-json\/wp\/v2\/posts"}],"about":[{"href":"https:\/\/linitiative.ca\/International\/wp-json\/wp\/v2\/types\/post"}],"author":[{"embeddable":true,"href":"https:\/\/linitiative.ca\/International\/wp-json\/wp\/v2\/users\/1788"}],"replies":[{"embeddable":true,"href":"https:\/\/linitiative.ca\/International\/wp-json\/wp\/v2\/comments?post=138140"}],"version-history":[{"count":0,"href":"https:\/\/linitiative.ca\/International\/wp-json\/wp\/v2\/posts\/138140\/revisions"}],"wp:attachment":[{"href":"https:\/\/linitiative.ca\/International\/wp-json\/wp\/v2\/media?parent=138140"}],"wp:term":[{"taxonomy":"category","embeddable":true,"href":"https:\/\/linitiative.ca\/International\/wp-json\/wp\/v2\/categories?post=138140"},{"taxonomy":"post_tag","embeddable":true,"href":"https:\/\/linitiative.ca\/International\/wp-json\/wp\/v2\/tags?post=138140"}],"curies":[{"name":"wp","href":"https:\/\/api.w.org\/{rel}","templated":true}]}}