{"id":138150,"date":"2022-01-10T14:41:57","date_gmt":"2022-01-10T19:41:57","guid":{"rendered":"https:\/\/linitiative.ca\/International\/les-mre-ont-transfere-100-milliards-de-dh-en-2021\/"},"modified":"2022-01-10T14:41:57","modified_gmt":"2022-01-10T19:41:57","slug":"les-mre-ont-transfere-100-milliards-de-dh-en-2021","status":"publish","type":"post","link":"https:\/\/linitiative.ca\/International\/les-mre-ont-transfere-100-milliards-de-dh-en-2021\/","title":{"rendered":"Les MRE ont transf\u00e9r\u00e9 100 milliards de DH en 2021"},"content":{"rendered":"<div>\n<div class=\"field field-name-body field-type-text-with-summary field-label-hidden\">\n<div class=\"field-items\">\n<div class=\"field-item even\" property=\"content:encoded\">\n<p class=\"rtejustify\">Les transferts des Marocains du monde (MDM) ont atteint 100 milliards de DH en 2021, a\u00a0indiqu\u00e9 lundi\u00a0le ministre d\u00e9l\u00e9gu\u00e9 charg\u00e9 de l&rsquo;Investissement, de la Convergence et de l&rsquo;\u00e9valuation des politiques publiques, Mohcine Jazouli.<\/p>\n<\/div>\n<\/div>\n<\/div>\n<\/div>\n<p>Auteur: hgueye<br \/>\n<a href=\"https:\/\/www.leconomiste.com\/flash-infos\/les-mre-ont-transfere-100-milliards-de-dh-en-2021\">Cliquez ici pour lire l&rsquo;article depuis sa source.<\/a><\/p>\n","protected":false},"excerpt":{"rendered":"<p>Les transferts des Marocains du monde (MDM) ont atteint 100 milliards de DH en 2021, a\u00a0indiqu\u00e9 lundi\u00a0le ministre d\u00e9l\u00e9gu\u00e9 charg\u00e9 de l&rsquo;Investissement, de la Convergence et de l&rsquo;\u00e9valuation des politiques publiques, Mohcine Jazouli. Auteur: hgueye Cliquez ici pour lire l&rsquo;article depuis sa source.<\/p>\n","protected":false},"author":1763,"featured_media":0,"comment_status":"closed","ping_status":"closed","sticky":false,"template":"","format":"standard","meta":{"fifu_image_url":"","fifu_image_alt":"","footnotes":""},"categories":[78,54],"tags":[],"class_list":["post-138150","post","type-post","status-publish","format-standard","hentry","category-economie","category-maroc"],"_links":{"self":[{"href":"https:\/\/linitiative.ca\/International\/wp-json\/wp\/v2\/posts\/138150","targetHints":{"allow":["GET"]}}],"collection":[{"href":"https:\/\/linitiative.ca\/International\/wp-json\/wp\/v2\/posts"}],"about":[{"href":"https:\/\/linitiative.ca\/International\/wp-json\/wp\/v2\/types\/post"}],"author":[{"embeddable":true,"href":"https:\/\/linitiative.ca\/International\/wp-json\/wp\/v2\/users\/1763"}],"replies":[{"embeddable":true,"href":"https:\/\/linitiative.ca\/International\/wp-json\/wp\/v2\/comments?post=138150"}],"version-history":[{"count":0,"href":"https:\/\/linitiative.ca\/International\/wp-json\/wp\/v2\/posts\/138150\/revisions"}],"wp:attachment":[{"href":"https:\/\/linitiative.ca\/International\/wp-json\/wp\/v2\/media?parent=138150"}],"wp:term":[{"taxonomy":"category","embeddable":true,"href":"https:\/\/linitiative.ca\/International\/wp-json\/wp\/v2\/categories?post=138150"},{"taxonomy":"post_tag","embeddable":true,"href":"https:\/\/linitiative.ca\/International\/wp-json\/wp\/v2\/tags?post=138150"}],"curies":[{"name":"wp","href":"https:\/\/api.w.org\/{rel}","templated":true}]}}