{"id":138151,"date":"2022-01-10T07:33:00","date_gmt":"2022-01-10T12:33:00","guid":{"rendered":"https:\/\/linitiative.ca\/International\/mahrez-ce-sera-plus-dur-que-la-can-2019\/"},"modified":"2022-01-10T07:33:00","modified_gmt":"2022-01-10T12:33:00","slug":"mahrez-ce-sera-plus-dur-que-la-can-2019","status":"publish","type":"post","link":"https:\/\/linitiative.ca\/International\/mahrez-ce-sera-plus-dur-que-la-can-2019\/","title":{"rendered":"Mahrez : \u00ab\u00a0Ce sera plus dur que la CAN 2019\u00a0\u00bb"},"content":{"rendered":"<div>A la veille de l&rsquo;entr\u00e9e en lice de l&rsquo;Alg\u00e9rie en Coupe d&rsquo;Afrique des Nations, Djamel Belmadi et Riyad Mahrez \u00e9taient pr\u00e9sents ce lundi en conf\u00e9rence de presse<\/div>\n<p>Auteur:<br \/>\n<a href=\"https:\/\/www.lebuteur.com\/article\/detail?titre=mahrez-ce-sera-plus-dur-que-la-can-2019&#038;id=102031\">Cliquez ici pour lire l&rsquo;article depuis sa source.<\/a><\/p>\n","protected":false},"excerpt":{"rendered":"<p>A la veille de l&rsquo;entr\u00e9e en lice de l&rsquo;Alg\u00e9rie en Coupe d&rsquo;Afrique des Nations, Djamel Belmadi et Riyad Mahrez \u00e9taient pr\u00e9sents ce lundi en conf\u00e9rence de presse Auteur: Cliquez ici pour lire l&rsquo;article depuis sa source.<\/p>\n","protected":false},"author":1738,"featured_media":0,"comment_status":"closed","ping_status":"closed","sticky":false,"template":"","format":"standard","meta":{"fifu_image_url":"","fifu_image_alt":"","footnotes":""},"categories":[53,75],"tags":[],"class_list":["post-138151","post","type-post","status-publish","format-standard","hentry","category-algerie","category-sport"],"_links":{"self":[{"href":"https:\/\/linitiative.ca\/International\/wp-json\/wp\/v2\/posts\/138151","targetHints":{"allow":["GET"]}}],"collection":[{"href":"https:\/\/linitiative.ca\/International\/wp-json\/wp\/v2\/posts"}],"about":[{"href":"https:\/\/linitiative.ca\/International\/wp-json\/wp\/v2\/types\/post"}],"author":[{"embeddable":true,"href":"https:\/\/linitiative.ca\/International\/wp-json\/wp\/v2\/users\/1738"}],"replies":[{"embeddable":true,"href":"https:\/\/linitiative.ca\/International\/wp-json\/wp\/v2\/comments?post=138151"}],"version-history":[{"count":0,"href":"https:\/\/linitiative.ca\/International\/wp-json\/wp\/v2\/posts\/138151\/revisions"}],"wp:attachment":[{"href":"https:\/\/linitiative.ca\/International\/wp-json\/wp\/v2\/media?parent=138151"}],"wp:term":[{"taxonomy":"category","embeddable":true,"href":"https:\/\/linitiative.ca\/International\/wp-json\/wp\/v2\/categories?post=138151"},{"taxonomy":"post_tag","embeddable":true,"href":"https:\/\/linitiative.ca\/International\/wp-json\/wp\/v2\/tags?post=138151"}],"curies":[{"name":"wp","href":"https:\/\/api.w.org\/{rel}","templated":true}]}}