{"id":138154,"date":"2022-01-10T12:55:00","date_gmt":"2022-01-10T17:55:00","guid":{"rendered":"https:\/\/linitiative.ca\/International\/can-2021-le-president-tebboune-reitere-son-appui-a-la-selection-nationale\/"},"modified":"2022-01-10T12:55:00","modified_gmt":"2022-01-10T17:55:00","slug":"can-2021-le-president-tebboune-reitere-son-appui-a-la-selection-nationale","status":"publish","type":"post","link":"https:\/\/linitiative.ca\/International\/can-2021-le-president-tebboune-reitere-son-appui-a-la-selection-nationale\/","title":{"rendered":"CAN 2021: le Pr\u00e9sident Tebboune r\u00e9it\u00e8re son appui \u00e0 la s\u00e9lection nationale"},"content":{"rendered":"<div>Le pr\u00e9sident de la FAF, Charaf-Eddine Amara a indiqu\u00e9 dans une d\u00e9claration \u00e0 la t\u00e9l\u00e9vision alg\u00e9rienne avoir re\u00e7u ce matin un appel t\u00e9l\u00e9phonique du pr\u00e9sident de la R\u00e9publique, Abdelmadjid Tebboune&#8230;<\/div>\n<p>Auteur:<br \/>\n<a href=\"https:\/\/www.lebuteur.com\/article\/detail?titre=can-2021-le-president-tebboune-reitere-son-appui-a-la-selection-nationale&#038;id=102034\">Cliquez ici pour lire l&rsquo;article depuis sa source.<\/a><\/p>\n","protected":false},"excerpt":{"rendered":"<p>Le pr\u00e9sident de la FAF, Charaf-Eddine Amara a indiqu\u00e9 dans une d\u00e9claration \u00e0 la t\u00e9l\u00e9vision alg\u00e9rienne avoir re\u00e7u ce matin un appel t\u00e9l\u00e9phonique du pr\u00e9sident de la R\u00e9publique, Abdelmadjid Tebboune&#8230; Auteur: Cliquez ici pour lire l&rsquo;article depuis sa source.<\/p>\n","protected":false},"author":1738,"featured_media":0,"comment_status":"closed","ping_status":"closed","sticky":false,"template":"","format":"standard","meta":{"fifu_image_url":"","fifu_image_alt":"","footnotes":""},"categories":[53,75],"tags":[],"class_list":["post-138154","post","type-post","status-publish","format-standard","hentry","category-algerie","category-sport"],"_links":{"self":[{"href":"https:\/\/linitiative.ca\/International\/wp-json\/wp\/v2\/posts\/138154","targetHints":{"allow":["GET"]}}],"collection":[{"href":"https:\/\/linitiative.ca\/International\/wp-json\/wp\/v2\/posts"}],"about":[{"href":"https:\/\/linitiative.ca\/International\/wp-json\/wp\/v2\/types\/post"}],"author":[{"embeddable":true,"href":"https:\/\/linitiative.ca\/International\/wp-json\/wp\/v2\/users\/1738"}],"replies":[{"embeddable":true,"href":"https:\/\/linitiative.ca\/International\/wp-json\/wp\/v2\/comments?post=138154"}],"version-history":[{"count":0,"href":"https:\/\/linitiative.ca\/International\/wp-json\/wp\/v2\/posts\/138154\/revisions"}],"wp:attachment":[{"href":"https:\/\/linitiative.ca\/International\/wp-json\/wp\/v2\/media?parent=138154"}],"wp:term":[{"taxonomy":"category","embeddable":true,"href":"https:\/\/linitiative.ca\/International\/wp-json\/wp\/v2\/categories?post=138154"},{"taxonomy":"post_tag","embeddable":true,"href":"https:\/\/linitiative.ca\/International\/wp-json\/wp\/v2\/tags?post=138154"}],"curies":[{"name":"wp","href":"https:\/\/api.w.org\/{rel}","templated":true}]}}