{"id":138155,"date":"2022-01-10T14:12:00","date_gmt":"2022-01-10T19:12:00","guid":{"rendered":"https:\/\/linitiative.ca\/International\/boudebouz-sexprime-sur-la-coupe-dafrique\/"},"modified":"2022-01-10T14:12:00","modified_gmt":"2022-01-10T19:12:00","slug":"boudebouz-sexprime-sur-la-coupe-dafrique","status":"publish","type":"post","link":"https:\/\/linitiative.ca\/International\/boudebouz-sexprime-sur-la-coupe-dafrique\/","title":{"rendered":"Boudebouz  s&rsquo;exprime sur la Coupe d&rsquo;Afrique"},"content":{"rendered":"<div>Lors d&rsquo;un entretien accord\u00e9 au journal Le Progr\u00e8s, le milieu offensif de l&rsquo;AS Saint-Etienne Ryad Boudebouz (31 ans) s&rsquo;est exprim\u00e9 sur la CAN.<\/div>\n<p>Auteur:<br \/>\n<a href=\"https:\/\/www.lebuteur.com\/article\/detail?titre=boudebouz-sexprime-sur-la-coupe-dafrique&#038;id=102035\">Cliquez ici pour lire l&rsquo;article depuis sa source.<\/a><\/p>\n","protected":false},"excerpt":{"rendered":"<p>Lors d&rsquo;un entretien accord\u00e9 au journal Le Progr\u00e8s, le milieu offensif de l&rsquo;AS Saint-Etienne Ryad Boudebouz (31 ans) s&rsquo;est exprim\u00e9 sur la CAN. Auteur: Cliquez ici pour lire l&rsquo;article depuis sa source.<\/p>\n","protected":false},"author":1738,"featured_media":0,"comment_status":"closed","ping_status":"closed","sticky":false,"template":"","format":"standard","meta":{"fifu_image_url":"","fifu_image_alt":"","footnotes":""},"categories":[53,75],"tags":[],"class_list":["post-138155","post","type-post","status-publish","format-standard","hentry","category-algerie","category-sport"],"_links":{"self":[{"href":"https:\/\/linitiative.ca\/International\/wp-json\/wp\/v2\/posts\/138155","targetHints":{"allow":["GET"]}}],"collection":[{"href":"https:\/\/linitiative.ca\/International\/wp-json\/wp\/v2\/posts"}],"about":[{"href":"https:\/\/linitiative.ca\/International\/wp-json\/wp\/v2\/types\/post"}],"author":[{"embeddable":true,"href":"https:\/\/linitiative.ca\/International\/wp-json\/wp\/v2\/users\/1738"}],"replies":[{"embeddable":true,"href":"https:\/\/linitiative.ca\/International\/wp-json\/wp\/v2\/comments?post=138155"}],"version-history":[{"count":0,"href":"https:\/\/linitiative.ca\/International\/wp-json\/wp\/v2\/posts\/138155\/revisions"}],"wp:attachment":[{"href":"https:\/\/linitiative.ca\/International\/wp-json\/wp\/v2\/media?parent=138155"}],"wp:term":[{"taxonomy":"category","embeddable":true,"href":"https:\/\/linitiative.ca\/International\/wp-json\/wp\/v2\/categories?post=138155"},{"taxonomy":"post_tag","embeddable":true,"href":"https:\/\/linitiative.ca\/International\/wp-json\/wp\/v2\/tags?post=138155"}],"curies":[{"name":"wp","href":"https:\/\/api.w.org\/{rel}","templated":true}]}}