{"id":138159,"date":"2022-01-10T05:00:00","date_gmt":"2022-01-10T10:00:00","guid":{"rendered":"https:\/\/linitiative.ca\/International\/benzema-sapproche-de-lolympe-coup-darret-pour-le-barca\/"},"modified":"2022-01-10T05:00:00","modified_gmt":"2022-01-10T10:00:00","slug":"benzema-sapproche-de-lolympe-coup-darret-pour-le-barca","status":"publish","type":"post","link":"https:\/\/linitiative.ca\/International\/benzema-sapproche-de-lolympe-coup-darret-pour-le-barca\/","title":{"rendered":"Benzema s&rsquo;approche de l&rsquo;Olympe, coup d&rsquo;arr\u00eat pour le Bar\u00e7a"},"content":{"rendered":"<div>Gr\u00e2ce \u00e0 un Karim Benzema entr\u00e9 un peu plus dans la l\u00e9gende, le Real Madrid a corrig\u00e9 Valence 4-1 samedi pour la 20e journ\u00e9e de Liga, et consolide sa place de leader de Liga, huit points devant son dauphin<\/div>\n<p>Auteur:<br \/>\n<a href=\"https:\/\/www.lesoirdalgerie.com\/sports\/benzema-sapproche-de-lolympe-coup-darret-pour-le-barca-73476\">Cliquez ici pour lire l&rsquo;article depuis sa source.<\/a><\/p>\n","protected":false},"excerpt":{"rendered":"<p>Gr\u00e2ce \u00e0 un Karim Benzema entr\u00e9 un peu plus dans la l\u00e9gende, le Real Madrid a corrig\u00e9 Valence 4-1 samedi pour la 20e journ\u00e9e de Liga, et consolide sa place de leader de Liga, huit points devant son dauphin Auteur: Cliquez ici pour lire l&rsquo;article depuis sa source.<\/p>\n","protected":false},"author":1741,"featured_media":0,"comment_status":"closed","ping_status":"closed","sticky":false,"template":"","format":"standard","meta":{"fifu_image_url":"","fifu_image_alt":"","footnotes":""},"categories":[73,53],"tags":[],"class_list":["post-138159","post","type-post","status-publish","format-standard","hentry","category-actualite","category-algerie"],"_links":{"self":[{"href":"https:\/\/linitiative.ca\/International\/wp-json\/wp\/v2\/posts\/138159","targetHints":{"allow":["GET"]}}],"collection":[{"href":"https:\/\/linitiative.ca\/International\/wp-json\/wp\/v2\/posts"}],"about":[{"href":"https:\/\/linitiative.ca\/International\/wp-json\/wp\/v2\/types\/post"}],"author":[{"embeddable":true,"href":"https:\/\/linitiative.ca\/International\/wp-json\/wp\/v2\/users\/1741"}],"replies":[{"embeddable":true,"href":"https:\/\/linitiative.ca\/International\/wp-json\/wp\/v2\/comments?post=138159"}],"version-history":[{"count":0,"href":"https:\/\/linitiative.ca\/International\/wp-json\/wp\/v2\/posts\/138159\/revisions"}],"wp:attachment":[{"href":"https:\/\/linitiative.ca\/International\/wp-json\/wp\/v2\/media?parent=138159"}],"wp:term":[{"taxonomy":"category","embeddable":true,"href":"https:\/\/linitiative.ca\/International\/wp-json\/wp\/v2\/categories?post=138159"},{"taxonomy":"post_tag","embeddable":true,"href":"https:\/\/linitiative.ca\/International\/wp-json\/wp\/v2\/tags?post=138159"}],"curies":[{"name":"wp","href":"https:\/\/api.w.org\/{rel}","templated":true}]}}