{"id":138161,"date":"2022-01-10T05:00:00","date_gmt":"2022-01-10T10:00:00","guid":{"rendered":"https:\/\/linitiative.ca\/International\/un-pool-de-recrutement-pour-le-chabab\/"},"modified":"2022-01-10T05:00:00","modified_gmt":"2022-01-10T10:00:00","slug":"un-pool-de-recrutement-pour-le-chabab","status":"publish","type":"post","link":"https:\/\/linitiative.ca\/International\/un-pool-de-recrutement-pour-le-chabab\/","title":{"rendered":"Un pool de recrutement pour le Chabab"},"content":{"rendered":"<div>Avec la prochaine ouverture de la 2e p\u00e9riode des enseignements (mercato hivernal), pr\u00e9vue du 26 janvier au 24 f\u00e9vrier prochain, la direction du CR Belouizdad annonce la mise en place prochainement d&rsquo;un pool<\/div>\n<p>Auteur:<br \/>\n<a href=\"https:\/\/www.lesoirdalgerie.com\/sports\/un-pool-de-recrutement-pour-le-chabab-73474\">Cliquez ici pour lire l&rsquo;article depuis sa source.<\/a><\/p>\n","protected":false},"excerpt":{"rendered":"<p>Avec la prochaine ouverture de la 2e p\u00e9riode des enseignements (mercato hivernal), pr\u00e9vue du 26 janvier au 24 f\u00e9vrier prochain, la direction du CR Belouizdad annonce la mise en place prochainement d&rsquo;un pool Auteur: Cliquez ici pour lire l&rsquo;article depuis sa source.<\/p>\n","protected":false},"author":1741,"featured_media":0,"comment_status":"closed","ping_status":"closed","sticky":false,"template":"","format":"standard","meta":{"fifu_image_url":"","fifu_image_alt":"","footnotes":""},"categories":[73,53],"tags":[],"class_list":["post-138161","post","type-post","status-publish","format-standard","hentry","category-actualite","category-algerie"],"_links":{"self":[{"href":"https:\/\/linitiative.ca\/International\/wp-json\/wp\/v2\/posts\/138161","targetHints":{"allow":["GET"]}}],"collection":[{"href":"https:\/\/linitiative.ca\/International\/wp-json\/wp\/v2\/posts"}],"about":[{"href":"https:\/\/linitiative.ca\/International\/wp-json\/wp\/v2\/types\/post"}],"author":[{"embeddable":true,"href":"https:\/\/linitiative.ca\/International\/wp-json\/wp\/v2\/users\/1741"}],"replies":[{"embeddable":true,"href":"https:\/\/linitiative.ca\/International\/wp-json\/wp\/v2\/comments?post=138161"}],"version-history":[{"count":0,"href":"https:\/\/linitiative.ca\/International\/wp-json\/wp\/v2\/posts\/138161\/revisions"}],"wp:attachment":[{"href":"https:\/\/linitiative.ca\/International\/wp-json\/wp\/v2\/media?parent=138161"}],"wp:term":[{"taxonomy":"category","embeddable":true,"href":"https:\/\/linitiative.ca\/International\/wp-json\/wp\/v2\/categories?post=138161"},{"taxonomy":"post_tag","embeddable":true,"href":"https:\/\/linitiative.ca\/International\/wp-json\/wp\/v2\/tags?post=138161"}],"curies":[{"name":"wp","href":"https:\/\/api.w.org\/{rel}","templated":true}]}}