{"id":138164,"date":"2022-01-10T16:17:59","date_gmt":"2022-01-10T21:17:59","guid":{"rendered":"https:\/\/linitiative.ca\/International\/can-2021-halilhodzic-bencharki-a-remplace-a-la-derniere-minute-badr-banoune\/"},"modified":"2022-01-10T16:17:59","modified_gmt":"2022-01-10T21:17:59","slug":"can-2021-halilhodzic-bencharki-a-remplace-a-la-derniere-minute-badr-banoune","status":"publish","type":"post","link":"https:\/\/linitiative.ca\/International\/can-2021-halilhodzic-bencharki-a-remplace-a-la-derniere-minute-badr-banoune\/","title":{"rendered":"CAN 2021. Halilhod\u017ei\u0107 : \u00abBencharki a remplac\u00e9, \u00e0 la derni\u00e8re minute, Badr Banoune\u00bb"},"content":{"rendered":"<div><img decoding=\"async\" width=\"572\" height=\"375\" src=\"https:\/\/linitiative.ca\/International\/wp-content\/uploads\/sites\/23\/2022\/01\/CAN-2021.jpg\" class=\"attachment-post-thumbnail size-post-thumbnail wp-post-image\" alt=\"\" loading=\"lazy\" srcset=\"https:\/\/linitiative.ca\/International\/wp-content\/uploads\/sites\/23\/2022\/01\/CAN-2021.jpg 572w, https:\/\/www.challenge.ma\/wp-content\/uploads\/2022\/01\/CAN-2021-300x197.jpg 300w, https:\/\/www.challenge.ma\/wp-content\/uploads\/2022\/01\/CAN-2021-360x236.jpg 360w\" sizes=\"auto, (max-width: 572px) 100vw, 572px\" itemprop=\"image\">Le s\u00e9lectionneur national, Vahid Halilhod\u017ei\u0107, a fait savoir aujourd\u2019hui lundi 10 janvier \u00e0 Yaound\u00e9 que Achraf Bencharki a remplac\u00e9, \u00e0 la derni\u00e8re minute, Badr Banoune, qui souffre de probl\u00e8mes sanitaires. Lors de la Conf\u00e9rence de presse d\u2019apr\u00e8s-match contre le Ghana, le s\u00e9lectionneur national s\u2019est dit d\u00e9\u00e7u que le d\u00e9fenseur marocain<\/div>\n<p>Auteur: challenge<br \/>\n<a href=\"https:\/\/www.challenge.ma\/can-2021-halilhodzic-bencharki-a-remplace-a-la-derniere-minute-badr-banoune-230418\/\">Cliquez ici pour lire l&rsquo;article depuis sa source.<\/a><\/p>\n","protected":false},"excerpt":{"rendered":"<p>Le s\u00e9lectionneur national, Vahid Halilhod\u017ei\u0107, a fait savoir aujourd\u2019hui lundi 10 janvier \u00e0 Yaound\u00e9 que Achraf Bencharki a remplac\u00e9, \u00e0 la derni\u00e8re minute, Badr Banoune, qui souffre de probl\u00e8mes sanitaires. Lors de la Conf\u00e9rence de presse d\u2019apr\u00e8s-match contre le Ghana, le s\u00e9lectionneur national s\u2019est dit d\u00e9\u00e7u que le d\u00e9fenseur marocain Auteur: challenge Cliquez ici pour [&hellip;]<\/p>\n","protected":false},"author":1787,"featured_media":0,"comment_status":"closed","ping_status":"closed","sticky":false,"template":"","format":"standard","meta":{"fifu_image_url":"https:\/\/www.challenge.ma\/wp-content\/uploads\/2022\/01\/CAN-2021.jpg","fifu_image_alt":"CAN 2021. Halilhod\u017ei\u0107 : \u00abBencharki a remplac\u00e9, \u00e0 la derni\u00e8re minute, Badr Banoune\u00bb","footnotes":""},"categories":[78,54],"tags":[],"class_list":["post-138164","post","type-post","status-publish","format-standard","hentry","category-economie","category-maroc"],"_links":{"self":[{"href":"https:\/\/linitiative.ca\/International\/wp-json\/wp\/v2\/posts\/138164","targetHints":{"allow":["GET"]}}],"collection":[{"href":"https:\/\/linitiative.ca\/International\/wp-json\/wp\/v2\/posts"}],"about":[{"href":"https:\/\/linitiative.ca\/International\/wp-json\/wp\/v2\/types\/post"}],"author":[{"embeddable":true,"href":"https:\/\/linitiative.ca\/International\/wp-json\/wp\/v2\/users\/1787"}],"replies":[{"embeddable":true,"href":"https:\/\/linitiative.ca\/International\/wp-json\/wp\/v2\/comments?post=138164"}],"version-history":[{"count":0,"href":"https:\/\/linitiative.ca\/International\/wp-json\/wp\/v2\/posts\/138164\/revisions"}],"wp:attachment":[{"href":"https:\/\/linitiative.ca\/International\/wp-json\/wp\/v2\/media?parent=138164"}],"wp:term":[{"taxonomy":"category","embeddable":true,"href":"https:\/\/linitiative.ca\/International\/wp-json\/wp\/v2\/categories?post=138164"},{"taxonomy":"post_tag","embeddable":true,"href":"https:\/\/linitiative.ca\/International\/wp-json\/wp\/v2\/tags?post=138164"}],"curies":[{"name":"wp","href":"https:\/\/api.w.org\/{rel}","templated":true}]}}