{"id":138166,"date":"2022-01-10T16:32:21","date_gmt":"2022-01-10T21:32:21","guid":{"rendered":"https:\/\/linitiative.ca\/International\/covid-un-vaccin-de-pfizer-adapte-a-omicron-sera-pret-en-mars\/"},"modified":"2022-01-10T16:32:21","modified_gmt":"2022-01-10T21:32:21","slug":"covid-un-vaccin-de-pfizer-adapte-a-omicron-sera-pret-en-mars","status":"publish","type":"post","link":"https:\/\/linitiative.ca\/International\/covid-un-vaccin-de-pfizer-adapte-a-omicron-sera-pret-en-mars\/","title":{"rendered":"Covid. un vaccin de Pfizer adapt\u00e9 \u00e0 Omicron sera pr\u00eat en mars"},"content":{"rendered":"<div><img decoding=\"async\" width=\"318\" height=\"159\" src=\"https:\/\/linitiative.ca\/International\/wp-content\/uploads\/sites\/23\/2022\/01\/pfizerrr.jpg\" class=\"attachment-post-thumbnail size-post-thumbnail wp-post-image\" alt=\"\" loading=\"lazy\" srcset=\"https:\/\/linitiative.ca\/International\/wp-content\/uploads\/sites\/23\/2022\/01\/pfizerrr.jpg 318w, https:\/\/www.challenge.ma\/wp-content\/uploads\/2022\/01\/pfizerrr-300x150.jpg 300w\" sizes=\"auto, (max-width: 318px) 100vw, 318px\" itemprop=\"image\">Le patron du laboratoire Pfizer a assur\u00e9 lundi qu\u2019une version du vaccin contre le Covid-19 adapt\u00e9e au variant Omicron sera au besoin pr\u00eate en mars tandis que son homologue chez Moderna a \u00e9voqu\u00e9 la pr\u00e9paration d\u2019un vaccin similaire pour l\u2019automne. \u00ab\u00a0Je ne sais pas si on en aura besoin, je<\/div>\n<p>Auteur: challenge<br \/>\n<a href=\"https:\/\/www.challenge.ma\/covid-un-vaccin-de-pfizer-adapte-a-omicron-sera-pret-en-mars-230422\/\">Cliquez ici pour lire l&rsquo;article depuis sa source.<\/a><\/p>\n","protected":false},"excerpt":{"rendered":"<p>Le patron du laboratoire Pfizer a assur\u00e9 lundi qu\u2019une version du vaccin contre le Covid-19 adapt\u00e9e au variant Omicron sera au besoin pr\u00eate en mars tandis que son homologue chez Moderna a \u00e9voqu\u00e9 la pr\u00e9paration d\u2019un vaccin similaire pour l\u2019automne. \u00ab\u00a0Je ne sais pas si on en aura besoin, je Auteur: challenge Cliquez ici pour [&hellip;]<\/p>\n","protected":false},"author":1787,"featured_media":0,"comment_status":"closed","ping_status":"closed","sticky":false,"template":"","format":"standard","meta":{"fifu_image_url":"https:\/\/www.challenge.ma\/wp-content\/uploads\/2022\/01\/pfizerrr.jpg","fifu_image_alt":"Covid. un vaccin de Pfizer adapt\u00e9 \u00e0 Omicron sera pr\u00eat en mars","footnotes":""},"categories":[78,54],"tags":[],"class_list":["post-138166","post","type-post","status-publish","format-standard","hentry","category-economie","category-maroc"],"_links":{"self":[{"href":"https:\/\/linitiative.ca\/International\/wp-json\/wp\/v2\/posts\/138166","targetHints":{"allow":["GET"]}}],"collection":[{"href":"https:\/\/linitiative.ca\/International\/wp-json\/wp\/v2\/posts"}],"about":[{"href":"https:\/\/linitiative.ca\/International\/wp-json\/wp\/v2\/types\/post"}],"author":[{"embeddable":true,"href":"https:\/\/linitiative.ca\/International\/wp-json\/wp\/v2\/users\/1787"}],"replies":[{"embeddable":true,"href":"https:\/\/linitiative.ca\/International\/wp-json\/wp\/v2\/comments?post=138166"}],"version-history":[{"count":0,"href":"https:\/\/linitiative.ca\/International\/wp-json\/wp\/v2\/posts\/138166\/revisions"}],"wp:attachment":[{"href":"https:\/\/linitiative.ca\/International\/wp-json\/wp\/v2\/media?parent=138166"}],"wp:term":[{"taxonomy":"category","embeddable":true,"href":"https:\/\/linitiative.ca\/International\/wp-json\/wp\/v2\/categories?post=138166"},{"taxonomy":"post_tag","embeddable":true,"href":"https:\/\/linitiative.ca\/International\/wp-json\/wp\/v2\/tags?post=138166"}],"curies":[{"name":"wp","href":"https:\/\/api.w.org\/{rel}","templated":true}]}}