{"id":138170,"date":"2022-01-10T17:04:29","date_gmt":"2022-01-10T22:04:29","guid":{"rendered":"https:\/\/linitiative.ca\/International\/le-maroc-parmi-les-marches-a-la-croissance-la-plus-rapide-pour-porsche\/"},"modified":"2022-01-10T17:04:29","modified_gmt":"2022-01-10T22:04:29","slug":"le-maroc-parmi-les-marches-a-la-croissance-la-plus-rapide-pour-porsche","status":"publish","type":"post","link":"https:\/\/linitiative.ca\/International\/le-maroc-parmi-les-marches-a-la-croissance-la-plus-rapide-pour-porsche\/","title":{"rendered":"Le Maroc parmi les march\u00e9s \u00e0 la croissance la plus rapide pour Porsche"},"content":{"rendered":"<div><img decoding=\"async\" width=\"1600\" height=\"615\" src=\"https:\/\/linitiative.ca\/International\/wp-content\/uploads\/sites\/23\/2022\/01\/porrr.jpg\" class=\"attachment-post-thumbnail size-post-thumbnail wp-post-image\" alt=\"\" loading=\"lazy\" srcset=\"https:\/\/linitiative.ca\/International\/wp-content\/uploads\/sites\/23\/2022\/01\/porrr.jpg 1600w, https:\/\/www.challenge.ma\/wp-content\/uploads\/2022\/01\/porrr-300x115.jpg 300w, https:\/\/www.challenge.ma\/wp-content\/uploads\/2022\/01\/porrr-1024x394.jpg 1024w, https:\/\/www.challenge.ma\/wp-content\/uploads\/2022\/01\/porrr-768x295.jpg 768w, https:\/\/www.challenge.ma\/wp-content\/uploads\/2022\/01\/porrr-1536x590.jpg 1536w, https:\/\/www.challenge.ma\/wp-content\/uploads\/2022\/01\/porrr-360x138.jpg 360w, https:\/\/www.challenge.ma\/wp-content\/uploads\/2022\/01\/porrr-750x288.jpg 750w\" sizes=\"auto, (max-width: 1600px) 100vw, 1600px\" itemprop=\"image\">Le Maroc est le troisi\u00e8me march\u00e9 \u00e0 croissance la plus rapide pour le constructeur allemand de voitures de luxe Porsche, selon Manfred Braunl, PDG de Porsche Moyen-Orient et Afrique. Braunl a \u00e9galement r\u00e9v\u00e9l\u00e9 que Porsche a des plans d\u2019expansion significatifs pour le Maroc, y compris l\u2019am\u00e9lioration de la notori\u00e9t\u00e9 de<\/div>\n<p>Auteur: challenge<br \/>\n<a href=\"https:\/\/www.challenge.ma\/le-maroc-parmi-les-marches-a-la-croissance-la-plus-rapide-pour-porsche-230427\/\">Cliquez ici pour lire l&rsquo;article depuis sa source.<\/a><\/p>\n","protected":false},"excerpt":{"rendered":"<p>Le Maroc est le troisi\u00e8me march\u00e9 \u00e0 croissance la plus rapide pour le constructeur allemand de voitures de luxe Porsche, selon Manfred Braunl, PDG de Porsche Moyen-Orient et Afrique. Braunl a \u00e9galement r\u00e9v\u00e9l\u00e9 que Porsche a des plans d\u2019expansion significatifs pour le Maroc, y compris l\u2019am\u00e9lioration de la notori\u00e9t\u00e9 de Auteur: challenge Cliquez ici pour [&hellip;]<\/p>\n","protected":false},"author":1787,"featured_media":0,"comment_status":"closed","ping_status":"closed","sticky":false,"template":"","format":"standard","meta":{"fifu_image_url":"https:\/\/www.challenge.ma\/wp-content\/uploads\/2022\/01\/porrr.jpg","fifu_image_alt":"Le Maroc parmi les march\u00e9s \u00e0 la croissance la plus rapide pour Porsche","footnotes":""},"categories":[78,54],"tags":[],"class_list":["post-138170","post","type-post","status-publish","format-standard","hentry","category-economie","category-maroc"],"_links":{"self":[{"href":"https:\/\/linitiative.ca\/International\/wp-json\/wp\/v2\/posts\/138170","targetHints":{"allow":["GET"]}}],"collection":[{"href":"https:\/\/linitiative.ca\/International\/wp-json\/wp\/v2\/posts"}],"about":[{"href":"https:\/\/linitiative.ca\/International\/wp-json\/wp\/v2\/types\/post"}],"author":[{"embeddable":true,"href":"https:\/\/linitiative.ca\/International\/wp-json\/wp\/v2\/users\/1787"}],"replies":[{"embeddable":true,"href":"https:\/\/linitiative.ca\/International\/wp-json\/wp\/v2\/comments?post=138170"}],"version-history":[{"count":0,"href":"https:\/\/linitiative.ca\/International\/wp-json\/wp\/v2\/posts\/138170\/revisions"}],"wp:attachment":[{"href":"https:\/\/linitiative.ca\/International\/wp-json\/wp\/v2\/media?parent=138170"}],"wp:term":[{"taxonomy":"category","embeddable":true,"href":"https:\/\/linitiative.ca\/International\/wp-json\/wp\/v2\/categories?post=138170"},{"taxonomy":"post_tag","embeddable":true,"href":"https:\/\/linitiative.ca\/International\/wp-json\/wp\/v2\/tags?post=138170"}],"curies":[{"name":"wp","href":"https:\/\/api.w.org\/{rel}","templated":true}]}}