{"id":138174,"date":"2022-01-10T16:06:14","date_gmt":"2022-01-10T21:06:14","guid":{"rendered":"https:\/\/linitiative.ca\/International\/tunisie-le-covid-fait-des-ravages-dans-les-etablissements-scolaires-devant-limpuissance-du-ministere-de-leducation\/"},"modified":"2022-01-10T16:06:14","modified_gmt":"2022-01-10T21:06:14","slug":"tunisie-le-covid-fait-des-ravages-dans-les-etablissements-scolaires-devant-limpuissance-du-ministere-de-leducation","status":"publish","type":"post","link":"https:\/\/linitiative.ca\/International\/tunisie-le-covid-fait-des-ravages-dans-les-etablissements-scolaires-devant-limpuissance-du-ministere-de-leducation\/","title":{"rendered":"Tunisie \u2013 Le covid fait des ravages dans les \u00e9tablissements scolaires devant l\u2019impuissance du minist\u00e8re de l\u2019\u00e9ducation"},"content":{"rendered":"<div>\n<p>Les \u00e9coles, coll\u00e8ges et lyc\u00e9es sont en proie \u00e0 la pand\u00e9mie de covid. Et, en plus, ils sont en train de constituer autant de points de d\u00e9part \u00e0 plusieurs foyers familiaux et communautaires. Les enseignants s\u2019inqui\u00e8tent, les \u00e9l\u00e8ves et les parents s\u2019affolent, et les directions des \u00e9tablissements scolaires sont d\u00e9pass\u00e9es, entre un minist\u00e8re de l\u2019\u00e9duction [\u2026]<\/p>\n<p>L\u2019article <a href=\"https:\/\/www.tunisienumerique.com\/tunisie-le-covid-fait-des-ravages-dans-les-etablissements-scolaires-devant-limpuissance-du-ministere-de-leducation\/\">Tunisie \u2013 Le covid fait des ravages dans les \u00e9tablissements scolaires devant l\u2019impuissance du minist\u00e8re de l\u2019\u00e9ducation<\/a> est apparu en premier sur <a href=\"https:\/\/www.tunisienumerique.com\/\">Tunisie<\/a>.<\/p>\n<\/div>\n<p>Auteur: Saber .<br \/>\n<a href=\"https:\/\/www.tunisienumerique.com\/tunisie-le-covid-fait-des-ravages-dans-les-etablissements-scolaires-devant-limpuissance-du-ministere-de-leducation\/\">Cliquez ici pour lire l&rsquo;article depuis sa source.<\/a><\/p>\n","protected":false},"excerpt":{"rendered":"<p>Les \u00e9coles, coll\u00e8ges et lyc\u00e9es sont en proie \u00e0 la pand\u00e9mie de covid. Et, en plus, ils sont en train de constituer autant de points de d\u00e9part \u00e0 plusieurs foyers familiaux et communautaires. Les enseignants s\u2019inqui\u00e8tent, les \u00e9l\u00e8ves et les parents s\u2019affolent, et les directions des \u00e9tablissements scolaires sont d\u00e9pass\u00e9es, entre un minist\u00e8re de l\u2019\u00e9duction [&hellip;]<\/p>\n","protected":false},"author":1789,"featured_media":0,"comment_status":"closed","ping_status":"closed","sticky":false,"template":"","format":"standard","meta":{"fifu_image_url":"","fifu_image_alt":"","footnotes":""},"categories":[73,55],"tags":[],"class_list":["post-138174","post","type-post","status-publish","format-standard","hentry","category-actualite","category-tunisie"],"_links":{"self":[{"href":"https:\/\/linitiative.ca\/International\/wp-json\/wp\/v2\/posts\/138174","targetHints":{"allow":["GET"]}}],"collection":[{"href":"https:\/\/linitiative.ca\/International\/wp-json\/wp\/v2\/posts"}],"about":[{"href":"https:\/\/linitiative.ca\/International\/wp-json\/wp\/v2\/types\/post"}],"author":[{"embeddable":true,"href":"https:\/\/linitiative.ca\/International\/wp-json\/wp\/v2\/users\/1789"}],"replies":[{"embeddable":true,"href":"https:\/\/linitiative.ca\/International\/wp-json\/wp\/v2\/comments?post=138174"}],"version-history":[{"count":0,"href":"https:\/\/linitiative.ca\/International\/wp-json\/wp\/v2\/posts\/138174\/revisions"}],"wp:attachment":[{"href":"https:\/\/linitiative.ca\/International\/wp-json\/wp\/v2\/media?parent=138174"}],"wp:term":[{"taxonomy":"category","embeddable":true,"href":"https:\/\/linitiative.ca\/International\/wp-json\/wp\/v2\/categories?post=138174"},{"taxonomy":"post_tag","embeddable":true,"href":"https:\/\/linitiative.ca\/International\/wp-json\/wp\/v2\/tags?post=138174"}],"curies":[{"name":"wp","href":"https:\/\/api.w.org\/{rel}","templated":true}]}}