{"id":138175,"date":"2022-01-10T16:27:31","date_gmt":"2022-01-10T21:27:31","guid":{"rendered":"https:\/\/linitiative.ca\/International\/ote-la-tunisie-pourra-elle-beneficier-de-la-nouvelle-route-de-la-soie-chinoise\/"},"modified":"2022-01-10T16:27:31","modified_gmt":"2022-01-10T21:27:31","slug":"ote-la-tunisie-pourra-elle-beneficier-de-la-nouvelle-route-de-la-soie-chinoise","status":"publish","type":"post","link":"https:\/\/linitiative.ca\/International\/ote-la-tunisie-pourra-elle-beneficier-de-la-nouvelle-route-de-la-soie-chinoise\/","title":{"rendered":"OTE \u2013 La Tunisie pourra-elle b\u00e9n\u00e9ficier de la nouvelle route de la soie chinoise ?"},"content":{"rendered":"<div>\n<p>L\u2019Observatoire Tunisien de l\u2019Economie (OTE) vient de publier une note d\u2019information rappelant que le forum de la coop\u00e9ration sino-africaine a \u00e9t\u00e9 cr\u00e9\u00e9 suite \u00e0 la premi\u00e8re conf\u00e9rence minist\u00e9rielle sur la coop\u00e9ration entre la Chine et les pays africains, qui s\u2019est tenue dans la capitale chinoise P\u00e9kin en octobre 2000. On indique qu\u2019il est compos\u00e9 de [\u2026]<\/p>\n<p>L\u2019article <a href=\"https:\/\/www.tunisienumerique.com\/ote-la-tunisie-pourra-elle-beneficier-de-la-nouvelle-route-de-la-soie-chinoise\/\">OTE \u2013 La Tunisie pourra-elle b\u00e9n\u00e9ficier de la nouvelle route de la soie chinoise ?<\/a> est apparu en premier sur <a href=\"https:\/\/www.tunisienumerique.com\/\">Tunisie<\/a>.<\/p>\n<\/div>\n<p>Auteur: Mohamed Ben Abderrazek<br \/>\n<a href=\"https:\/\/www.tunisienumerique.com\/ote-la-tunisie-pourra-elle-beneficier-de-la-nouvelle-route-de-la-soie-chinoise\/\">Cliquez ici pour lire l&rsquo;article depuis sa source.<\/a><\/p>\n","protected":false},"excerpt":{"rendered":"<p>L\u2019Observatoire Tunisien de l\u2019Economie (OTE) vient de publier une note d\u2019information rappelant que le forum de la coop\u00e9ration sino-africaine a \u00e9t\u00e9 cr\u00e9\u00e9 suite \u00e0 la premi\u00e8re conf\u00e9rence minist\u00e9rielle sur la coop\u00e9ration entre la Chine et les pays africains, qui s\u2019est tenue dans la capitale chinoise P\u00e9kin en octobre 2000. On indique qu\u2019il est compos\u00e9 de [&hellip;]<\/p>\n","protected":false},"author":1789,"featured_media":0,"comment_status":"closed","ping_status":"closed","sticky":false,"template":"","format":"standard","meta":{"fifu_image_url":"","fifu_image_alt":"","footnotes":""},"categories":[73,55],"tags":[],"class_list":["post-138175","post","type-post","status-publish","format-standard","hentry","category-actualite","category-tunisie"],"_links":{"self":[{"href":"https:\/\/linitiative.ca\/International\/wp-json\/wp\/v2\/posts\/138175","targetHints":{"allow":["GET"]}}],"collection":[{"href":"https:\/\/linitiative.ca\/International\/wp-json\/wp\/v2\/posts"}],"about":[{"href":"https:\/\/linitiative.ca\/International\/wp-json\/wp\/v2\/types\/post"}],"author":[{"embeddable":true,"href":"https:\/\/linitiative.ca\/International\/wp-json\/wp\/v2\/users\/1789"}],"replies":[{"embeddable":true,"href":"https:\/\/linitiative.ca\/International\/wp-json\/wp\/v2\/comments?post=138175"}],"version-history":[{"count":0,"href":"https:\/\/linitiative.ca\/International\/wp-json\/wp\/v2\/posts\/138175\/revisions"}],"wp:attachment":[{"href":"https:\/\/linitiative.ca\/International\/wp-json\/wp\/v2\/media?parent=138175"}],"wp:term":[{"taxonomy":"category","embeddable":true,"href":"https:\/\/linitiative.ca\/International\/wp-json\/wp\/v2\/categories?post=138175"},{"taxonomy":"post_tag","embeddable":true,"href":"https:\/\/linitiative.ca\/International\/wp-json\/wp\/v2\/tags?post=138175"}],"curies":[{"name":"wp","href":"https:\/\/api.w.org\/{rel}","templated":true}]}}