{"id":138178,"date":"2022-01-10T17:02:02","date_gmt":"2022-01-10T22:02:02","guid":{"rendered":"https:\/\/linitiative.ca\/International\/tunisie-sami-tahri-une-consultation-electronique-sous-forme-de-sondage-dopinion\/"},"modified":"2022-01-10T17:02:02","modified_gmt":"2022-01-10T22:02:02","slug":"tunisie-sami-tahri-une-consultation-electronique-sous-forme-de-sondage-dopinion","status":"publish","type":"post","link":"https:\/\/linitiative.ca\/International\/tunisie-sami-tahri-une-consultation-electronique-sous-forme-de-sondage-dopinion\/","title":{"rendered":"Tunisie-Sami Tahri: \u201cUne consultation \u00e9lectronique sous forme de sondage d\u2019opinion\u2026\u201d"},"content":{"rendered":"<div>\n<p>\u00abSi les questions avec plusieurs possibilit\u00e9s sont confirm\u00e9es, alors elles ne sont franchement qu\u2019une forme de sondage d\u2019opinion auquel on peut r\u00e9pondre par non ou par oui, et cela ne peut jamais \u00e9quivaloir \u00e0 une consultation aussi bien qu\u2019\u00e0 un dialogue..! \u00bb, a martel\u00e9 le Secr\u00e9taire g\u00e9n\u00e9ral adjoint de l\u2019UGTT, Sami Tahri dans un post [\u2026]<\/p>\n<p>L\u2019article <a href=\"https:\/\/www.tunisienumerique.com\/tunisie-sami-tahri-une-consultation-electronique-sous-forme-de-sondage-dopinion\/\">Tunisie-Sami Tahri: \u201cUne consultation \u00e9lectronique sous forme de sondage d\u2019opinion\u2026\u201d<\/a> est apparu en premier sur <a href=\"https:\/\/www.tunisienumerique.com\/\">Tunisie<\/a>.<\/p>\n<\/div>\n<p>Auteur: rania ben slimane<br \/>\n<a href=\"https:\/\/www.tunisienumerique.com\/tunisie-sami-tahri-une-consultation-electronique-sous-forme-de-sondage-dopinion\/\">Cliquez ici pour lire l&rsquo;article depuis sa source.<\/a><\/p>\n","protected":false},"excerpt":{"rendered":"<p>\u00abSi les questions avec plusieurs possibilit\u00e9s sont confirm\u00e9es, alors elles ne sont franchement qu\u2019une forme de sondage d\u2019opinion auquel on peut r\u00e9pondre par non ou par oui, et cela ne peut jamais \u00e9quivaloir \u00e0 une consultation aussi bien qu\u2019\u00e0 un dialogue..! \u00bb, a martel\u00e9 le Secr\u00e9taire g\u00e9n\u00e9ral adjoint de l\u2019UGTT, Sami Tahri dans un post [&hellip;]<\/p>\n","protected":false},"author":1789,"featured_media":0,"comment_status":"closed","ping_status":"closed","sticky":false,"template":"","format":"standard","meta":{"fifu_image_url":"","fifu_image_alt":"","footnotes":""},"categories":[73,55],"tags":[],"class_list":["post-138178","post","type-post","status-publish","format-standard","hentry","category-actualite","category-tunisie"],"_links":{"self":[{"href":"https:\/\/linitiative.ca\/International\/wp-json\/wp\/v2\/posts\/138178","targetHints":{"allow":["GET"]}}],"collection":[{"href":"https:\/\/linitiative.ca\/International\/wp-json\/wp\/v2\/posts"}],"about":[{"href":"https:\/\/linitiative.ca\/International\/wp-json\/wp\/v2\/types\/post"}],"author":[{"embeddable":true,"href":"https:\/\/linitiative.ca\/International\/wp-json\/wp\/v2\/users\/1789"}],"replies":[{"embeddable":true,"href":"https:\/\/linitiative.ca\/International\/wp-json\/wp\/v2\/comments?post=138178"}],"version-history":[{"count":0,"href":"https:\/\/linitiative.ca\/International\/wp-json\/wp\/v2\/posts\/138178\/revisions"}],"wp:attachment":[{"href":"https:\/\/linitiative.ca\/International\/wp-json\/wp\/v2\/media?parent=138178"}],"wp:term":[{"taxonomy":"category","embeddable":true,"href":"https:\/\/linitiative.ca\/International\/wp-json\/wp\/v2\/categories?post=138178"},{"taxonomy":"post_tag","embeddable":true,"href":"https:\/\/linitiative.ca\/International\/wp-json\/wp\/v2\/tags?post=138178"}],"curies":[{"name":"wp","href":"https:\/\/api.w.org\/{rel}","templated":true}]}}