{"id":138179,"date":"2022-01-09T19:56:29","date_gmt":"2022-01-10T00:56:29","guid":{"rendered":"https:\/\/linitiative.ca\/International\/situation-nationale-une-annee-qui-commence-sous-de-tres-bons-auspices\/"},"modified":"2022-01-09T19:56:29","modified_gmt":"2022-01-10T00:56:29","slug":"situation-nationale-une-annee-qui-commence-sous-de-tres-bons-auspices","status":"publish","type":"post","link":"https:\/\/linitiative.ca\/International\/situation-nationale-une-annee-qui-commence-sous-de-tres-bons-auspices\/","title":{"rendered":"Situation nationale : Une ann\u00e9e qui commence sous  de tr\u00e8s bons auspices !"},"content":{"rendered":"<div>\n<p><strong>Le Premier ministre, Dr Lassina Zerbo, doit trouver l\u2019alchimie n\u00e9cessaire, pour gagner la guerre contre le terrorisme, tout en renfor\u00e7ant davantage dans le m\u00eame temps les fondements structurants d\u2019une \u00e9conomie performante et comp\u00e9titive. C\u2019est du moins le souhait de l\u2019auteur de l\u2019\u00e9crit qui suit. Pour lui, \u00ab faire du tout-s\u00e9curitaire, au d\u00e9triment des autres chantiers de d\u00e9veloppement, reviendrait en effet \u00e0 l\u2019effort inutile et vain de remplissage d\u2019une barrique d\u2019eau au fond trou\u00e9 \u00bb. <\/strong><\/p>\n<p>Aucune raison de bouder notre joie et notre espoir. L\u2019ann\u00e9e 2022 d\u00e9bute sous des auspices prometteurs. Depuis quelque temps, les informations en provenance du front sont plus qu\u2019encourageantes. Est-ce le fruit des engagements forts pris par le chef de l\u2019Etat au cours des derniers jours et semaines de 2021 et des bouleversements cons\u00e9cutifs intervenus dans le commandement militaire ?<\/p>\n<p>Ce n\u2019est pas \u00e0 moi d\u2019en juger ou de le dire. L\u2019on ne peut toutefois que se r\u00e9jouir des signes manifestes de reprise du poil de la b\u00eate que l\u2019on observe sur le champ de la bataille contre l\u2019ennemi terroriste qui nous assaille depuis tant d\u2019ann\u00e9es. La guerre est certainement loin d\u2019\u00eatre gagn\u00e9e. Mais Dieu, que \u00e7a fait du bien d\u2019entendre que nos valeureux combattants mettent en d\u00e9route et\/ou neutralisent ici et l\u00e0 ces hordes de criminels et bandits arm\u00e9s. Vivement que cette dynamique offensive se poursuive.<\/p>\n<p>L\u2019ordre donn\u00e9 par le pr\u00e9sident du Faso, chef supr\u00eame des arm\u00e9es, lors de son discours de v\u0153ux \u00e0 la nation le 31 d\u00e9cembre,aux troupes combattantes de nettoyer les zones infest\u00e9es par cette vermine para\u00eet avoir \u00e9t\u00e9 re\u00e7u cinq sur cinq et en train d\u2019\u00eatre ex\u00e9cut\u00e9. Ceci pour le grand bonheur et la fiert\u00e9 retrouv\u00e9e des Burkinab\u00e8, qui ont toujours cru et gard\u00e9 espoir malgr\u00e9 tout en un avenir meilleur et radieux.<\/p>\n<p>En ce d\u00e9but d\u2019ann\u00e9e nouvelle, la quasi-totalit\u00e9 d\u2019entre nous nous sommes mutuellement formul\u00e9s des v\u0153ux de paix et de s\u00e9curit\u00e9 pour notre ch\u00e8re patrie. Comme le pr\u00e9sident KABORE l\u2019a souhait\u00e9, multiplions donc les pri\u00e8res, afin que le Dieu auquel nous croyons chacun assiste nos militaires, gendarmes, policiers et VDP au front.<\/p>\n<p>Qu\u2019il leur donne la force n\u00e9cessaire pour remporter des combats encore plus significatifs et d\u00e9cisifs ; sans pertes \u00e9normes dans nos rangs, comme nous avons malheureusement connues et pleur\u00e9es par un pass\u00e9 r\u00e9cent. Si nous devons f\u00e9liciter ici comme il se doit nos forces combattantes pour ces victoires qui redonnent espoir \u00e0 tout un peuple meurtri par des ann\u00e9es de harc\u00e8lement et d\u2019impuissance apparente, c\u2019est aussi le lieu d\u2019exhorter les plus hautes autorit\u00e9s du pays \u00e0 veiller \u00e0 leurs engagements.<\/p>\n<p>Quoi qu\u2019il en co\u00fbte, il faut en effet travailler \u00e0 doter nos troupes de moyens offensifs performants et adapt\u00e9s, gages mat\u00e9riels d\u2019une victoire finale. Le r\u00e9armement moral des troupes est certes, aussi une condition indispensable pour la combativit\u00e9 des hommes sur le terrain. Sur ce plan, le commandement op\u00e9rationnel, \u00e0 la suite et sous l\u2019instigation de la plus haute autorit\u00e9 de l\u2019Etat, semble avoir pris la bonne mesure et le pas, afin que les choses aillent dor\u00e9navant dans le bon sens.<\/p>\n<h3>Les victoires militaires se construisent avec minutie et strat\u00e9gie<\/h3>\n<p>A la bonne heure et tant mieux, ai-je envie de dire. Cela seul n\u00e9anmoins ne suffira pas. Il faut \u00e0 la fois, co\u00fbte que co\u00fbte, trouver le bon levier de mobilisation et d\u2019implication populaire dans cette guerre qui ne veut jusqu\u2019\u00e0 pr\u00e9sent pas dire son nom.<\/p>\n<p>Actionner un sursaut d\u2019orgueil pour sonner le r\u00e9veil patriotique qui fera en sorte que chaque Burkinab\u00e8 en \u00e2ge de raisonner soit capable de mesurer v\u00e9ritablement, \u00e0 son propre niveau et dans sa conscience citoyenne individuelle, les enjeux r\u00e9els et les id\u00e9aux funestes qui se cachent derri\u00e8re cette croisade injuste men\u00e9e depuis un certain temps contre notre pays, son unit\u00e9, son d\u00e9veloppement, son existence m\u00eame simplement en tant qu\u2019entit\u00e9 libre et souveraine.<\/p>\n<p>Chaque concitoyen sera d\u00e8s lors transform\u00e9 en soldat.Pr\u00eat \u00e0 monter au front depuis sa position sociale, pour d\u00e9fendre ce sans quoi il n\u2019est rien et n\u2019a aucun avenir. A savoir la terre unique et sacr\u00e9e que nous ont l\u00e9gu\u00e9e nos anc\u00eatres. Cette terre, synonyme d\u2019identit\u00e9 g\u00e9o-spatiale et culturelle, sans laquelle nous n\u2019existerions plus et autrement qu\u2019en apatrides errants.<\/p>\n<p>A l\u2019image, h\u00e9las, de ces nombreux compatriotes, aujourd\u2019hui d\u00e9boussol\u00e9s et d\u00e9sempar\u00e9s dans leur propre pays, que nous appelons pudiquement des D\u00e9plac\u00e9s Internes. A cette conscientisation de masse sur les enjeux et les raisons objectives et subjectives de l\u2019engagement de tous et de chacun des Burkinab\u00e8, il faudra n\u00e9cessairement et imp\u00e9rativement, si l\u2019on veut consolider l\u2019\u00e9lan de reconqu\u00eate enclench\u00e9, doter nos forces arm\u00e9es de moyens mat\u00e9riels plus ad\u00e9quats et strat\u00e9giques li\u00e9s \u00e0 la nature du terrain et du conflit.<\/p>\n<p>De ce point de vue, il est difficile de ne pas \u00e9voquer l\u2019exemple \u00e9thiopien. Face \u00e0 l\u2019avanc\u00e9e fulgurante des rebelles tigr\u00e9ens, qui ont menac\u00e9 un temps de prendre la capitale Addis-Abeba (au point d\u2019entra\u00eener l\u2019ordre d\u2019\u00e9vacuation des personnels de certaines organisations internationales et chancelleries pr\u00e9sentes dans le pays), les gouvernants de ce pays ont su imaginer et mettre en \u0153uvre une r\u00e9action et une riposte spectaculaires.<\/p>\n<p>Jouant \u00e0 la fois sur la fibre patriotique et dotant opportun\u00e9ment son arm\u00e9e de drones arm\u00e9s turcs, le Premier ministre \u00e9thiopien, Abiy Ahmed, est parvenu miraculeusement \u00e0 inverser une situation militaire qui semblait fortement compromise. Certaines voix pudibondes au niveau international ont beau s\u2019\u00e9crier pour critiquer comme d\u2019habitude la m\u00e9thode et les moyens employ\u00e9s, on ne peut valablement en vouloir au gouvernement \u00e9thiopien pour s\u2019\u00eatre donn\u00e9 les moyens de d\u00e9fendre sa souverainet\u00e9 et son int\u00e9grit\u00e9 territoriale.<\/p>\n<h3>A la guerre comme \u00e0 la guerre<\/h3>\n<p>C\u2019est un exemple et un mod\u00e8le dont le Burkina Faso devrait pouvoir courageusement s\u2019inspirer, dans la situation s\u00e9curitaire que nous traversons face aux attaques terroristes \u00e0 r\u00e9p\u00e9tition. N\u2019en d\u00e9plaise fut-il aux chantres et utopistes de la \u00ab guerre propre \u00bb. Comme si cela se pouvait, dans une lutte de survie contre un ennemi aux m\u00e9thodes reconnues et renomm\u00e9es particuli\u00e8rement l\u00e2ches, sauvages, barbares et asym\u00e9triques.<\/p>\n<p>La meilleure certitude de se faire mordre par un serpent dit-on, c\u2019est lorsque l\u2019on h\u00e9site \u00e0 se saisir de la mauvaise bestiole. On finit malencontreusement alors par l\u2019attraper fatalement par la queue. Il est plut\u00f4t conseill\u00e9 d\u2019empoigner fermement la b\u00eate par sa t\u00eate, de lui tordre le cou et de chercher \u00e0 raboter ses crocs venimeux sur toute surface dure et rugueuse que l\u2019on trouve \u00e0 port\u00e9e de main.<\/p>\n<p>A la guerre donc comme \u00e0 la guerre, ai-je envie de dire \u00e0 nos dirigeants. Basta le moralisme humanitaire douteux et autres partenariats militaires aussi bien historiques qu\u2019encombrants et inop\u00e9rants quand on en a le plus besoin. A ce prix et \u00e0 ce prix seul, me semble-t-il, la lueur d\u2019espoir rallum\u00e9e en ce d\u00e9but d\u2019ann\u00e9e 2022 par les victoires in\u00e9dites et fort encourageantes de nos forces combattantes sur le terrain, se transformera in\u00e9luctablement en une v\u00e9ritable boussole de retour vers la s\u00e9curisation int\u00e9grale de notre territoire et un retour \u00e0 la qui\u00e9tude pour nos populations.<\/p>\n<p>Le gouvernement resserr\u00e9 du Premier ministre Lassina ZERBO en a bien conscience j\u2019imagine. Lui qui a assur\u00e9 publiquement que le retour \u00e0 la s\u00e9curit\u00e9 est la priorit\u00e9 num\u00e9ro un sur la lettre de mission \u00e0 laquelle il a \u00e9t\u00e9 assign\u00e9. Tout le malheur qu\u2019on peut lui souhaiter, c\u2019est de r\u00e9ussir. R\u00e9ussir le pari de ramener la paix et une s\u00e9curit\u00e9 relative au Faso, dans les meilleurs d\u00e9lais possibles. Sans pour autant bien s\u00fbr, mettre en \u00ab stand-by \u00bb les autres nombreux chantiers sociaux et de d\u00e9veloppement.<\/p>\n<p>Quelqu\u2019un a dit un jour avec justesse que le Burkina Faso est un pays d\u2019urgences et de priorit\u00e9s. Il faut donc vivement souhaiter que, pour le bonheur des g\u00e9n\u00e9rations actuelles et pour l\u2019avenir de la nation, en bon g\u00e9ophysicien comp\u00e9tent de classe et de renomm\u00e9e mondiale, le nouveau Premier ministre, Dr Lassina ZERBO, puisse trouver l\u2019alchimie n\u00e9cessaire, pour gagner la guerre contre le terro-risme, tout en renfor\u00e7ant davantage dans le m\u00eame temps les fondements structurants d\u2019une \u00e9conomie performante et comp\u00e9titive.<\/p>\n<p>Faire du tout-s\u00e9curitaire, au d\u00e9triment des autres chantiers de d\u00e9veloppement, reviendrait en effet \u00e0 l\u2019effort inutile et vain de remplissage d\u2019une barrique d\u2019eau au fond trou\u00e9. Or c\u2019est connu, l\u2019abandon, le d\u00e9nuement et la paup\u00e9risation des populations constituent de graves menaces pour la coh\u00e9sion sociale et un terreau tr\u00e8s fertile pour le terrorisme ou autres extr\u00e9misme et conflits communautaires.<\/p>\n<p>Vaste chantier et immenses d\u00e9fis comme on le voit. Mais encore une fois, l\u2019espoir est permis. Avec le pr\u00e9sident KABORE, le gouvernement de combat qui a \u00e9t\u00e9 mis en place sous le magist\u00e8re de Lassina ZERBO, \u00ab l\u2019oiseau rare \u00bb comme d\u2019aucuns ont vite fait de le surnommer, tous les Burkinab\u00e8 que nous sommes, des villes et des campagnes, de l\u2019int\u00e9rieur comme \u00e0 l\u2019ext\u00e9rieur, sommes condamn\u00e9s \u00e0 l\u2019optimisme.<\/p>\n<p>Non pas cette forme d\u2019optimisme partisan, b\u00e9at et cr\u00e9dule. Mais l\u2019optimisme consciencieux d\u2019un peuple assi\u00e9g\u00e9 et qui sait qu\u2019il n\u2019a autre choix que de mener bataille pour sa survie et de livrer f\u00e9rocement combat pour la d\u00e9fense et la pr\u00e9servation de ses libert\u00e9s ch\u00e8rement conquises. Bonne et heureuse ann\u00e9e 2022 \u00e0 l\u2019ensemble de mes compatriotes et aux amis du Burkina Faso. Que Dieu b\u00e9nisse et prot\u00e8ge toujours notre cher pays.<\/p>\n<p style=\"text-align: right\"><strong>Sidzabda Damien OUEDRAOGO<\/strong><\/p>\n<p style=\"text-align: right\">N.B. : Le surtitre et le chapeau sont de la r\u00e9daction<\/p>\n<p>L\u2019article <a rel=\"nofollow\" href=\"https:\/\/www.sidwaya.info\/blog\/2022\/01\/10\/situation-nationale-une-annee-qui-commence-sous-de-tres-bons-auspices\/\">Situation nationale : Une ann\u00e9e qui commence sous  de tr\u00e8s bons auspices !<\/a> est apparu en premier sur <a rel=\"nofollow\" href=\"https:\/\/www.sidwaya.info\/\">Quotidien Sidwaya<\/a>.<\/p>\n<\/div>\n<p>Auteur: JK. Sidwaya<br \/>\n<a href=\"https:\/\/www.sidwaya.info\/blog\/2022\/01\/10\/situation-nationale-une-annee-qui-commence-sous-de-tres-bons-auspices\/?utm_source=rss&#038;utm_medium=rss&#038;utm_campaign=situation-nationale-une-annee-qui-commence-sous-de-tres-bons-auspices\">Cliquez ici pour lire l&rsquo;article depuis sa source.<\/a><\/p>\n","protected":false},"excerpt":{"rendered":"<p>Le Premier ministre, Dr Lassina Zerbo, doit trouver l\u2019alchimie n\u00e9cessaire, pour gagner la guerre contre le terrorisme, tout en renfor\u00e7ant davantage dans le m\u00eame temps les fondements structurants d\u2019une \u00e9conomie performante et comp\u00e9titive. C\u2019est du moins le souhait de l\u2019auteur de l\u2019\u00e9crit qui suit. Pour lui, \u00ab faire du tout-s\u00e9curitaire, au d\u00e9triment des autres chantiers [&hellip;]<\/p>\n","protected":false},"author":1816,"featured_media":0,"comment_status":"closed","ping_status":"closed","sticky":false,"template":"","format":"standard","meta":{"fifu_image_url":"","fifu_image_alt":"","footnotes":""},"categories":[73,81],"tags":[],"class_list":["post-138179","post","type-post","status-publish","format-standard","hentry","category-actualite","category-burkina-faso"],"_links":{"self":[{"href":"https:\/\/linitiative.ca\/International\/wp-json\/wp\/v2\/posts\/138179","targetHints":{"allow":["GET"]}}],"collection":[{"href":"https:\/\/linitiative.ca\/International\/wp-json\/wp\/v2\/posts"}],"about":[{"href":"https:\/\/linitiative.ca\/International\/wp-json\/wp\/v2\/types\/post"}],"author":[{"embeddable":true,"href":"https:\/\/linitiative.ca\/International\/wp-json\/wp\/v2\/users\/1816"}],"replies":[{"embeddable":true,"href":"https:\/\/linitiative.ca\/International\/wp-json\/wp\/v2\/comments?post=138179"}],"version-history":[{"count":0,"href":"https:\/\/linitiative.ca\/International\/wp-json\/wp\/v2\/posts\/138179\/revisions"}],"wp:attachment":[{"href":"https:\/\/linitiative.ca\/International\/wp-json\/wp\/v2\/media?parent=138179"}],"wp:term":[{"taxonomy":"category","embeddable":true,"href":"https:\/\/linitiative.ca\/International\/wp-json\/wp\/v2\/categories?post=138179"},{"taxonomy":"post_tag","embeddable":true,"href":"https:\/\/linitiative.ca\/International\/wp-json\/wp\/v2\/tags?post=138179"}],"curies":[{"name":"wp","href":"https:\/\/api.w.org\/{rel}","templated":true}]}}