{"id":138183,"date":"2022-01-10T05:59:57","date_gmt":"2022-01-10T10:59:57","guid":{"rendered":"https:\/\/linitiative.ca\/International\/artisanat-africain-la-16e-edition-du-siao-prevue-du-28-octobre-au-06-novembre-2022\/"},"modified":"2022-01-10T05:59:57","modified_gmt":"2022-01-10T10:59:57","slug":"artisanat-africain-la-16e-edition-du-siao-prevue-du-28-octobre-au-06-novembre-2022","status":"publish","type":"post","link":"https:\/\/linitiative.ca\/International\/artisanat-africain-la-16e-edition-du-siao-prevue-du-28-octobre-au-06-novembre-2022\/","title":{"rendered":"Artisanat africain : La 16e\u00a0\u00e9dition du SIAO pr\u00e9vue du 28 octobre au 06 novembre 2022"},"content":{"rendered":"<div>\n<div class=\"I_52qC D_FY W_6D6F\" data-test-id=\"message-view-body\">\n<div class=\"msg-body P_wpofO mq_AS\" data-test-id=\"message-view-body-content\">\n<div class=\"jb_0 X_6MGW N_6Fd5\">\n<div>\n<div id=\"yiv7084570454\">\n<div>\n<div class=\"yiv7084570454yahoo-style-wrap\">\n<div dir=\"ltr\">\n<div>\n<p class=\"yiv7084570454ydpba075b25MsoNormal\"><b>La direction g\u00e9n\u00e9rale du Salon international de l\u2019artisanat de Ouagadougou (SIAO) a annonc\u00e9, le dimanche 9 janvier 2022 \u00e0 Ouagadougou, que la biennale de l\u2019artisanat africain se d\u00e9roulera du 28 octobre 2022 au 06 novembre 2022.<\/b><\/p>\n<p class=\"yiv7084570454ydpba075b25MsoNormal\">\u00ab<i>Le directeur g\u00e9n\u00e9ral du SIAO porte \u00e0 la connaissance du public que la 16<sup>e<\/sup>\u00a0\u00e9dition de la biennale de l\u2019artisanat africain se tiendra du 28 octobre au 06 novembre 2022 sous le th\u00e8me\u00a0\u2018\u2018artisanat africain, leviers du d\u00e9veloppement et facteur de r\u00e9silience de la population\u2019\u2019<\/i>\u00bb, indique un communiqu\u00e9 officiel diffus\u00e9 sur la page facebook du Salon.<\/p>\n<p class=\"yiv7084570454ydpba075b25MsoNormal\">Les inscriptions pour la participation \u00e0 cette \u00e9dition sont d\u00e9j\u00e0 ouvertes depuis le 15 d\u00e9cembre 2021 et ce, jusqu\u2019au 30 ao\u00fbt 2022, indique la m\u00eame source. En rappel,\u00a0<strong>le tout dernier SIAO s\u2019est tenu du 26 octobre au 4 novembre 2018 sous le th\u00e8me :\u00a0\u00ab<\/strong><em>Artisanat africain, exigences du march\u00e9 et d\u00e9veloppement technologique<\/em><strong>\u00bb.<\/strong><\/p>\n<p>Source: communiqu\u00e9<\/p>\n<\/div>\n<\/div>\n<\/div>\n<\/div>\n<\/div>\n<\/div>\n<\/div>\n<\/div>\n<\/div>\n<div class=\"H_7jIs D_F ab_C Q_69H5 E_36RhU\" data-test-id=\"toolbar-hover-area\">\n<div class=\"D_F W_6D6F r_BN gl_C\" data-test-id=\"card-toolbar\">\n<div class=\"D_F ab_C en_0 b_Z14vXdP e_3mS2U I_52qC P_Z1otBpf\">\n<hr class=\"M_0 P_0 cn_0\">\n<\/div>\n<\/div>\n<\/div>\n<p>L\u2019article <a rel=\"nofollow\" href=\"https:\/\/www.sidwaya.info\/blog\/2022\/01\/10\/artisanat-africain-la-16e-edition-du-siao-prevue-du-28-octobre-au-06-novembre-2022\/\">Artisanat africain : La 16e\u00a0\u00e9dition du SIAO pr\u00e9vue du 28 octobre au 06 novembre 2022<\/a> est apparu en premier sur <a rel=\"nofollow\" href=\"https:\/\/www.sidwaya.info\/\">Quotidien Sidwaya<\/a>.<\/p>\n<\/div>\n<p>Auteur: BS. Sidwaya<br \/>\n<a href=\"https:\/\/www.sidwaya.info\/blog\/2022\/01\/10\/artisanat-africain-la-16e-edition-du-siao-prevue-du-28-octobre-au-06-novembre-2022\/?utm_source=rss&#038;utm_medium=rss&#038;utm_campaign=artisanat-africain-la-16e-edition-du-siao-prevue-du-28-octobre-au-06-novembre-2022\">Cliquez ici pour lire l&rsquo;article depuis sa source.<\/a><\/p>\n","protected":false},"excerpt":{"rendered":"<p>La direction g\u00e9n\u00e9rale du Salon international de l\u2019artisanat de Ouagadougou (SIAO) a annonc\u00e9, le dimanche 9 janvier 2022 \u00e0 Ouagadougou, que la biennale de l\u2019artisanat africain se d\u00e9roulera du 28 octobre 2022 au 06 novembre 2022. \u00abLe directeur g\u00e9n\u00e9ral du SIAO porte \u00e0 la connaissance du public que la 16e\u00a0\u00e9dition de la biennale de l\u2019artisanat [&hellip;]<\/p>\n","protected":false},"author":1816,"featured_media":0,"comment_status":"closed","ping_status":"closed","sticky":false,"template":"","format":"standard","meta":{"fifu_image_url":"","fifu_image_alt":"","footnotes":""},"categories":[73,81],"tags":[],"class_list":["post-138183","post","type-post","status-publish","format-standard","hentry","category-actualite","category-burkina-faso"],"_links":{"self":[{"href":"https:\/\/linitiative.ca\/International\/wp-json\/wp\/v2\/posts\/138183","targetHints":{"allow":["GET"]}}],"collection":[{"href":"https:\/\/linitiative.ca\/International\/wp-json\/wp\/v2\/posts"}],"about":[{"href":"https:\/\/linitiative.ca\/International\/wp-json\/wp\/v2\/types\/post"}],"author":[{"embeddable":true,"href":"https:\/\/linitiative.ca\/International\/wp-json\/wp\/v2\/users\/1816"}],"replies":[{"embeddable":true,"href":"https:\/\/linitiative.ca\/International\/wp-json\/wp\/v2\/comments?post=138183"}],"version-history":[{"count":0,"href":"https:\/\/linitiative.ca\/International\/wp-json\/wp\/v2\/posts\/138183\/revisions"}],"wp:attachment":[{"href":"https:\/\/linitiative.ca\/International\/wp-json\/wp\/v2\/media?parent=138183"}],"wp:term":[{"taxonomy":"category","embeddable":true,"href":"https:\/\/linitiative.ca\/International\/wp-json\/wp\/v2\/categories?post=138183"},{"taxonomy":"post_tag","embeddable":true,"href":"https:\/\/linitiative.ca\/International\/wp-json\/wp\/v2\/tags?post=138183"}],"curies":[{"name":"wp","href":"https:\/\/api.w.org\/{rel}","templated":true}]}}