{"id":138184,"date":"2022-01-10T09:41:35","date_gmt":"2022-01-10T14:41:35","guid":{"rendered":"https:\/\/linitiative.ca\/International\/mali-les-vols-air-france-de-ce-lundi-paris-bamako-annules\/"},"modified":"2022-01-10T09:41:35","modified_gmt":"2022-01-10T14:41:35","slug":"mali-les-vols-air-france-de-ce-lundi-paris-bamako-annules","status":"publish","type":"post","link":"https:\/\/linitiative.ca\/International\/mali-les-vols-air-france-de-ce-lundi-paris-bamako-annules\/","title":{"rendered":"Mali : les vols Air France de ce lundi Paris- Bamako annul\u00e9s"},"content":{"rendered":"<div>\n<p>Les vols de Air France de ce lundi 10 janvier 2022 en provenance de Paris pour Bamako ont \u00e9t\u00e9 annul\u00e9s. Pour cause, la compagnie devrait passer d\u2019abord par Abidjan avant de rallier Bamako. Avec la fermeture des fronti\u00e8res avec les pays membres de la CEDEAO, ce d\u00e9tour s\u2019av\u00e8re impossible pour le moment.<\/p>\n<p>Elle rassure les clients dont les vols sont annul\u00e9s que, \u201cses \u00e9quipes sont mobilis\u00e9es pour les assister.<\/p>\n<p>Air France suit la situation en temps r\u00e9el et informera ses clients de toute \u00e9volution de son programme de vols de Paris vers Bamako.\u201d<\/p>\n<p>L\u2019article <a rel=\"nofollow\" href=\"https:\/\/www.sidwaya.info\/blog\/2022\/01\/10\/mali-les-vols-air-france-de-ce-lundi-paris-bamako-annules\/\">Mali : les vols Air France de ce lundi Paris- Bamako annul\u00e9s<\/a> est apparu en premier sur <a rel=\"nofollow\" href=\"https:\/\/www.sidwaya.info\/\">Quotidien Sidwaya<\/a>.<\/p>\n<\/div>\n<p>Auteur: Wamini SIDWAYA<br \/>\n<a href=\"https:\/\/www.sidwaya.info\/blog\/2022\/01\/10\/mali-les-vols-air-france-de-ce-lundi-paris-bamako-annules\/?utm_source=rss&#038;utm_medium=rss&#038;utm_campaign=mali-les-vols-air-france-de-ce-lundi-paris-bamako-annules\">Cliquez ici pour lire l&rsquo;article depuis sa source.<\/a><\/p>\n","protected":false},"excerpt":{"rendered":"<p>Les vols de Air France de ce lundi 10 janvier 2022 en provenance de Paris pour Bamako ont \u00e9t\u00e9 annul\u00e9s. Pour cause, la compagnie devrait passer d\u2019abord par Abidjan avant de rallier Bamako. Avec la fermeture des fronti\u00e8res avec les pays membres de la CEDEAO, ce d\u00e9tour s\u2019av\u00e8re impossible pour le moment. Elle rassure les [&hellip;]<\/p>\n","protected":false},"author":1816,"featured_media":0,"comment_status":"closed","ping_status":"closed","sticky":false,"template":"","format":"standard","meta":{"fifu_image_url":"","fifu_image_alt":"","footnotes":""},"categories":[73,81],"tags":[],"class_list":["post-138184","post","type-post","status-publish","format-standard","hentry","category-actualite","category-burkina-faso"],"_links":{"self":[{"href":"https:\/\/linitiative.ca\/International\/wp-json\/wp\/v2\/posts\/138184","targetHints":{"allow":["GET"]}}],"collection":[{"href":"https:\/\/linitiative.ca\/International\/wp-json\/wp\/v2\/posts"}],"about":[{"href":"https:\/\/linitiative.ca\/International\/wp-json\/wp\/v2\/types\/post"}],"author":[{"embeddable":true,"href":"https:\/\/linitiative.ca\/International\/wp-json\/wp\/v2\/users\/1816"}],"replies":[{"embeddable":true,"href":"https:\/\/linitiative.ca\/International\/wp-json\/wp\/v2\/comments?post=138184"}],"version-history":[{"count":0,"href":"https:\/\/linitiative.ca\/International\/wp-json\/wp\/v2\/posts\/138184\/revisions"}],"wp:attachment":[{"href":"https:\/\/linitiative.ca\/International\/wp-json\/wp\/v2\/media?parent=138184"}],"wp:term":[{"taxonomy":"category","embeddable":true,"href":"https:\/\/linitiative.ca\/International\/wp-json\/wp\/v2\/categories?post=138184"},{"taxonomy":"post_tag","embeddable":true,"href":"https:\/\/linitiative.ca\/International\/wp-json\/wp\/v2\/tags?post=138184"}],"curies":[{"name":"wp","href":"https:\/\/api.w.org\/{rel}","templated":true}]}}