{"id":138187,"date":"2022-01-10T13:18:03","date_gmt":"2022-01-10T18:18:03","guid":{"rendered":"https:\/\/linitiative.ca\/International\/lancement-a-abidjan-des-premiers-minibus-made-in-cote-divoire\/"},"modified":"2022-01-10T13:18:03","modified_gmt":"2022-01-10T18:18:03","slug":"lancement-a-abidjan-des-premiers-minibus-made-in-cote-divoire","status":"publish","type":"post","link":"https:\/\/linitiative.ca\/International\/lancement-a-abidjan-des-premiers-minibus-made-in-cote-divoire\/","title":{"rendered":"Lancement \u00e0 Abidjan des premiers minibus made in C\u00f4te d\u2019Ivoire"},"content":{"rendered":"<div>\n<p><img decoding=\"async\" width=\"800\" height=\"533\" src=\"https:\/\/linitiative.ca\/International\/wp-content\/uploads\/sites\/23\/2022\/01\/16418386832759.jpg\" class=\"attachment-post-thumbnail size-post-thumbnail wp-post-image\" alt=\"\" loading=\"lazy\" srcset=\"https:\/\/linitiative.ca\/International\/wp-content\/uploads\/sites\/23\/2022\/01\/16418386832759.jpg 800w, https:\/\/www.journalducameroun.com\/wp-content\/uploads\/2022\/01\/16418386832759-300x200.jpg 300w, https:\/\/www.journalducameroun.com\/wp-content\/uploads\/2022\/01\/16418386832759-768x512.jpg 768w, https:\/\/www.journalducameroun.com\/wp-content\/uploads\/2022\/01\/16418386832759-660x440.jpg 660w, https:\/\/www.journalducameroun.com\/wp-content\/uploads\/2022\/01\/16418386832759-600x400.jpg 600w\" sizes=\"auto, (max-width: 800px) 100vw, 800px\"><\/p>\n<p>Le Premier ministre ivoirien, Patrick Achi, a lanc\u00e9 lundi \u00e0 Sotra Industries, \u00e0 Abidjan, les premiers minibus de l&rsquo;Unit\u00e9 d&rsquo;assemblage de v\u00e9hicules Iveco Daily Ivoire, ce qui fait de la C\u00f4te d&rsquo;Ivoire un pays, officiellement, constructeur automobile.<\/p>\n<p>\u00ab\u00a0C&rsquo;est la premi\u00e8re fois que les v\u00e9hicules produits ici seront estampill\u00e9s Made in C\u00f4te d&rsquo;Ivoire du fait du haut niveau d&rsquo;assemblage r\u00e9alis\u00e9 sur les cha\u00eenes de montage\u00a0\u00bb, a dit le Premier ministre dans un discours.\u00a0<\/p>\n<p>M. Patrick Achi, qui a r\u00e9v\u00e9l\u00e9 avoir \u00e9t\u00e9 \u00ab\u00a0ouvrier \u00e0 la Sotra (Soci\u00e9t\u00e9 des transports abidjanais)\u00a0\u00bb, \u00a0en 1977, dans le cadre de son \u00ab\u00a0premier stage ouvrier\u00a0\u00bb, s&rsquo;est f\u00e9licit\u00e9 de ce que cette unit\u00e9 soit devenue un v\u00e9ritable hub logistique industriel sous r\u00e9gional. \u00a0<\/p>\n<p>Cette cha\u00eene d&rsquo;assemblage de v\u00e9hicules a \u00e9t\u00e9 lanc\u00e9e en ao\u00fbt 2018. \u00ab\u00a0Totalement op\u00e9rationnelle\u00a0\u00bb aujourd&rsquo;hui, elle fait de la C\u00f4te d&rsquo;Ivoire avec ce v\u00e9hicule baptis\u00e9 \u00ab\u00a0Daily Ivoire\u00a0\u00bb, un constructeur automobile (Code constructeur: AJ9).\u00a0<\/p>\n<p>Le ministre des Transports, Amadou Kon\u00e9, a annonc\u00e9 que son d\u00e9partement engagera des \u00e9tudes, pr\u00e9vues cette ann\u00e9e, en vue de la r\u00e9alisation, \u00e0 l&rsquo;horizon 2025, d&rsquo;une zone industrielle de grande envergure \u00e0 San-Pedro, dans le sud-Ouest ivoirien, destin\u00e9e \u00e0 l&rsquo;industrie automobile.\u00a0<\/p>\n<p>Le directeur g\u00e9n\u00e9ral de la Sotra, M\u00e9\u00eft\u00e9 Bouak\u00e9, a pr\u00e9cis\u00e9 que cette cha\u00eene d&rsquo;assemblage de minibus Daily Ivoire est \u00ab\u00a0enti\u00e8rement mont\u00e9e \u00e0 la Sotra \u00e0 travers sa filiale Sotra Industries\u00a0\u00bb, qui b\u00e9n\u00e9ficie de l&rsquo;expertise technique de la soci\u00e9t\u00e9 Iveco via un contrat de partenariat.<\/p>\n<p>\u00ab\u00a0L&rsquo;unit\u00e9 de montage d&rsquo;une capacit\u00e9 de 1.000 minibus par an est dot\u00e9e de technologies de derni\u00e8res g\u00e9n\u00e9rations et permettra la cr\u00e9ation de 500 emplois directs dans nos ateliers\u00a0\u00bb, a-t-il ajout\u00e9.\u00a0<\/p>\n<p>Le minibus Daily de Iveco, le Daily Ivoire, qui est de 26 places, peut \u00eatre d\u00e9clin\u00e9 en plusieurs mod\u00e8les selon l&rsquo;utilisation que l&rsquo;acqu\u00e9reur souhaite en faire: v\u00e9hicule de transport de personne, v\u00e9hicule de chantier ou d&rsquo;ambulance.\u00a0<\/p>\n<p>Le ministre du Commerce et de l&rsquo;industrie, Souleymane Diarrassouba, a fait savoir que l&rsquo;ambition de la C\u00f4te d&rsquo;Ivoire, selon le Programme national de d\u00e9veloppement 2021-2025, est de porter la contribution du secteur industriel au PIB \u00e0 30% \u00e0 l&rsquo;instar des pays \u00e9mergents.\u00a0<\/p>\n<p>A cette c\u00e9r\u00e9monie d&rsquo;inauguration de la cha\u00eene d&rsquo;assemblage de v\u00e9hicules de type minibus, 39 acteurs du secteur des transports ont \u00e9t\u00e9 \u00e9lev\u00e9s au grade de commandeurs, officiers et chevaliers dans l&rsquo;Ordre du m\u00e9rite ivoirien.\u00a0<\/p>\n<p>La C\u00f4te d&rsquo;Ivoire qui a enregistr\u00e9, gr\u00e2ce aux r\u00e9formes hardies entreprises par le gouvernement depuis 2017 dans le secteur des transports, une croissance historique de 57% de vente de v\u00e9hicules neufs en 2021, se pr\u00e9pare \u00e0 accueillir d&rsquo;autres constructeurs automobiles.\u00a0<\/p>\n<p>Cet article <a rel=\"nofollow\" href=\"https:\/\/www.journalducameroun.com\/lancement-a-abidjan-des-premiers-minibus-made-in-cote-divoire\/\">Lancement \u00e0 Abidjan des premiers minibus made in C\u00f4te d\u2019Ivoire<\/a> est apparu en premier sur <a rel=\"nofollow\" href=\"https:\/\/www.journalducameroun.com\/\">Journal du Cameroun<\/a>.<\/p>\n<\/div>\n<p>Auteur: APA News<br \/>\n<a href=\"https:\/\/www.journalducameroun.com\/lancement-a-abidjan-des-premiers-minibus-made-in-cote-divoire\/\">Cliquez ici pour lire l&rsquo;article depuis sa source.<\/a><\/p>\n","protected":false},"excerpt":{"rendered":"<p>Le Premier ministre ivoirien, Patrick Achi, a lanc\u00e9 lundi \u00e0 Sotra Industries, \u00e0 Abidjan, les premiers minibus de l&rsquo;Unit\u00e9 d&rsquo;assemblage de v\u00e9hicules Iveco Daily Ivoire, ce qui fait de la C\u00f4te d&rsquo;Ivoire un pays, officiellement, constructeur automobile. \u00ab\u00a0C&rsquo;est la premi\u00e8re fois que les v\u00e9hicules produits ici seront estampill\u00e9s Made in C\u00f4te d&rsquo;Ivoire du fait du [&hellip;]<\/p>\n","protected":false},"author":1965,"featured_media":0,"comment_status":"closed","ping_status":"closed","sticky":false,"template":"","format":"standard","meta":{"fifu_image_url":"https:\/\/www.journalducameroun.com\/wp-content\/uploads\/2022\/01\/16418386832759.jpg","fifu_image_alt":"Lancement \u00e0 Abidjan des premiers minibus made in C\u00f4te d\u2019Ivoire","footnotes":""},"categories":[73,82],"tags":[],"class_list":["post-138187","post","type-post","status-publish","format-standard","hentry","category-actualite","category-cameroun"],"_links":{"self":[{"href":"https:\/\/linitiative.ca\/International\/wp-json\/wp\/v2\/posts\/138187","targetHints":{"allow":["GET"]}}],"collection":[{"href":"https:\/\/linitiative.ca\/International\/wp-json\/wp\/v2\/posts"}],"about":[{"href":"https:\/\/linitiative.ca\/International\/wp-json\/wp\/v2\/types\/post"}],"author":[{"embeddable":true,"href":"https:\/\/linitiative.ca\/International\/wp-json\/wp\/v2\/users\/1965"}],"replies":[{"embeddable":true,"href":"https:\/\/linitiative.ca\/International\/wp-json\/wp\/v2\/comments?post=138187"}],"version-history":[{"count":0,"href":"https:\/\/linitiative.ca\/International\/wp-json\/wp\/v2\/posts\/138187\/revisions"}],"wp:attachment":[{"href":"https:\/\/linitiative.ca\/International\/wp-json\/wp\/v2\/media?parent=138187"}],"wp:term":[{"taxonomy":"category","embeddable":true,"href":"https:\/\/linitiative.ca\/International\/wp-json\/wp\/v2\/categories?post=138187"},{"taxonomy":"post_tag","embeddable":true,"href":"https:\/\/linitiative.ca\/International\/wp-json\/wp\/v2\/tags?post=138187"}],"curies":[{"name":"wp","href":"https:\/\/api.w.org\/{rel}","templated":true}]}}