{"id":138191,"date":"2022-01-10T17:18:03","date_gmt":"2022-01-10T22:18:03","guid":{"rendered":"https:\/\/linitiative.ca\/International\/can-2021-le-maroc-bat-le-ghana-1-0\/"},"modified":"2022-01-10T17:18:03","modified_gmt":"2022-01-10T22:18:03","slug":"can-2021-le-maroc-bat-le-ghana-1-0","status":"publish","type":"post","link":"https:\/\/linitiative.ca\/International\/can-2021-le-maroc-bat-le-ghana-1-0\/","title":{"rendered":"CAN-2021 : Le Maroc bat le Ghana (1-0)"},"content":{"rendered":"<div>\n<p><img decoding=\"async\" width=\"750\" height=\"430\" src=\"https:\/\/linitiative.ca\/International\/wp-content\/uploads\/sites\/23\/2022\/01\/16418530832768.jpg\" class=\"attachment-post-thumbnail size-post-thumbnail wp-post-image\" alt=\"\" loading=\"lazy\" srcset=\"https:\/\/linitiative.ca\/International\/wp-content\/uploads\/sites\/23\/2022\/01\/16418530832768.jpg 750w, https:\/\/www.journalducameroun.com\/wp-content\/uploads\/2022\/01\/16418530832768-300x172.jpg 300w, https:\/\/www.journalducameroun.com\/wp-content\/uploads\/2022\/01\/16418530832768-350x200.jpg 350w, https:\/\/www.journalducameroun.com\/wp-content\/uploads\/2022\/01\/16418530832768-600x344.jpg 600w\" sizes=\"auto, (max-width: 750px) 100vw, 750px\"><\/p>\n<p>La s\u00e9lection marocaine de football a remport\u00e9 son premier match de la Coupe d&rsquo;Afrique des Nations (CAN-2021) face au Ghana sur le score \u00e9triqu\u00e9 de 1 \u00e0 0, lundi \u00e0 Yaound\u00e9 au Cameroun.L&rsquo;unique r\u00e9alisation de cette rencontre a \u00e9t\u00e9 l&rsquo;\u0153uvre de Soufiane Boufal \u00e0 la 83\u00e8me minute du jeu apr\u00e8s une action du c\u00f4t\u00e9 droit.<\/p>\n<p>Les Lions de l&rsquo;Atlas ont tenu leur rang malgr\u00e9 les nombreuses absences en attaque dues aux blessures et de cas COVID-19. L&rsquo;autre match de ce groupe C ayant oppos\u00e9 le Gabon aux Comores s&rsquo;est sold\u00e9 en faveur des Panth\u00e8res (1-0).<\/p>\n<p>Pour rappel, le Maroc a remport\u00e9 une seule fois cette comp\u00e9tition continentale. C&rsquo;\u00e9tait en 1976 \u00e0 Addis-Abeba.<\/p>\n<p>Cet article <a rel=\"nofollow\" href=\"https:\/\/www.journalducameroun.com\/can-2021-le-maroc-bat-le-ghana-1-0\/\">CAN-2021 : Le Maroc bat le Ghana (1-0)<\/a> est apparu en premier sur <a rel=\"nofollow\" href=\"https:\/\/www.journalducameroun.com\/\">Journal du Cameroun<\/a>.<\/p>\n<\/div>\n<p>Auteur: APA News<br \/>\n<a href=\"https:\/\/www.journalducameroun.com\/can-2021-le-maroc-bat-le-ghana-1-0\/\">Cliquez ici pour lire l&rsquo;article depuis sa source.<\/a><\/p>\n","protected":false},"excerpt":{"rendered":"<p>La s\u00e9lection marocaine de football a remport\u00e9 son premier match de la Coupe d&rsquo;Afrique des Nations (CAN-2021) face au Ghana sur le score \u00e9triqu\u00e9 de 1 \u00e0 0, lundi \u00e0 Yaound\u00e9 au Cameroun.L&rsquo;unique r\u00e9alisation de cette rencontre a \u00e9t\u00e9 l&rsquo;\u0153uvre de Soufiane Boufal \u00e0 la 83\u00e8me minute du jeu apr\u00e8s une action du c\u00f4t\u00e9 droit. [&hellip;]<\/p>\n","protected":false},"author":1965,"featured_media":0,"comment_status":"closed","ping_status":"closed","sticky":false,"template":"","format":"standard","meta":{"fifu_image_url":"https:\/\/www.journalducameroun.com\/wp-content\/uploads\/2022\/01\/16418530832768.jpg","fifu_image_alt":"CAN-2021 : Le Maroc bat le Ghana (1-0)","footnotes":""},"categories":[73,82],"tags":[],"class_list":["post-138191","post","type-post","status-publish","format-standard","hentry","category-actualite","category-cameroun"],"_links":{"self":[{"href":"https:\/\/linitiative.ca\/International\/wp-json\/wp\/v2\/posts\/138191","targetHints":{"allow":["GET"]}}],"collection":[{"href":"https:\/\/linitiative.ca\/International\/wp-json\/wp\/v2\/posts"}],"about":[{"href":"https:\/\/linitiative.ca\/International\/wp-json\/wp\/v2\/types\/post"}],"author":[{"embeddable":true,"href":"https:\/\/linitiative.ca\/International\/wp-json\/wp\/v2\/users\/1965"}],"replies":[{"embeddable":true,"href":"https:\/\/linitiative.ca\/International\/wp-json\/wp\/v2\/comments?post=138191"}],"version-history":[{"count":0,"href":"https:\/\/linitiative.ca\/International\/wp-json\/wp\/v2\/posts\/138191\/revisions"}],"wp:attachment":[{"href":"https:\/\/linitiative.ca\/International\/wp-json\/wp\/v2\/media?parent=138191"}],"wp:term":[{"taxonomy":"category","embeddable":true,"href":"https:\/\/linitiative.ca\/International\/wp-json\/wp\/v2\/categories?post=138191"},{"taxonomy":"post_tag","embeddable":true,"href":"https:\/\/linitiative.ca\/International\/wp-json\/wp\/v2\/tags?post=138191"}],"curies":[{"name":"wp","href":"https:\/\/api.w.org\/{rel}","templated":true}]}}