{"id":138193,"date":"2022-01-10T17:18:03","date_gmt":"2022-01-10T22:18:03","guid":{"rendered":"https:\/\/linitiative.ca\/International\/maroc-fermetures-de-classe-et-decoles-apres-la-decouverte-de-plusieurs-cas-de-covid-19\/"},"modified":"2022-01-10T17:18:03","modified_gmt":"2022-01-10T22:18:03","slug":"maroc-fermetures-de-classe-et-decoles-apres-la-decouverte-de-plusieurs-cas-de-covid-19","status":"publish","type":"post","link":"https:\/\/linitiative.ca\/International\/maroc-fermetures-de-classe-et-decoles-apres-la-decouverte-de-plusieurs-cas-de-covid-19\/","title":{"rendered":"Maroc: fermetures de classe et d\u2019\u00e9coles apr\u00e8s la d\u00e9couverte de plusieurs cas de Covid-19"},"content":{"rendered":"<div>\n<p><img decoding=\"async\" width=\"700\" height=\"400\" src=\"https:\/\/linitiative.ca\/International\/wp-content\/uploads\/sites\/23\/2022\/01\/16418530837682.jpg\" class=\"attachment-post-thumbnail size-post-thumbnail wp-post-image\" alt=\"\" loading=\"lazy\" srcset=\"https:\/\/linitiative.ca\/International\/wp-content\/uploads\/sites\/23\/2022\/01\/16418530837682.jpg 700w, https:\/\/www.journalducameroun.com\/wp-content\/uploads\/2022\/01\/16418530837682-300x171.jpg 300w, https:\/\/www.journalducameroun.com\/wp-content\/uploads\/2022\/01\/16418530837682-160x90.jpg 160w, https:\/\/www.journalducameroun.com\/wp-content\/uploads\/2022\/01\/16418530837682-350x200.jpg 350w, https:\/\/www.journalducameroun.com\/wp-content\/uploads\/2022\/01\/16418530837682-600x343.jpg 600w\" sizes=\"auto, (max-width: 700px) 100vw, 700px\"><\/p>\n<p>Les fermetures des \u00e9tablissements scolaires au Maroc, o\u00f9 des cas de Covid ont \u00e9t\u00e9 d\u00e9tect\u00e9s cette semaine, se poursuivent.  Ce lundi, c&rsquo;est le lyc\u00e9e Jean Charcot \u00e0 El Jadida qui a ferm\u00e9 ses portes suite \u00e0 un d\u00e9pistage \u00e9tabli par la d\u00e9l\u00e9gation de la sant\u00e9 sur un \u00e9chantillon de 45 \u00e9l\u00e8ves et 30 adultes du staff administratif et p\u00e9dagogique, qui a permis l&rsquo;identification de 22 cas de Covid-19 (15 parmi les \u00e9l\u00e8ves et 7 parmi le personnel administratif).Les cours seront donc dispens\u00e9s \u00e0 distance \u00e0 partir de ce mardi 11 janvier avant de reprendre en pr\u00e9sentiel le 18 janvier, a annonc\u00e9 l&rsquo;\u00e9cole aux parents d&rsquo;\u00e9l\u00e8ves.<\/p>\n<p>La reprise scolaire, \u00a0apr\u00e8s deux semaines de vacances, est marqu\u00e9e par une forte augmentation des contaminations dans les rangs des \u00e9l\u00e8ves, poussant plusieurs \u00e9tablissements \u00e0 suspendre les cours en pr\u00e9sentiel.<\/p>\n<p>La semaine derni\u00e8re, le \u00a0coll\u00e8ge Saint-Exup\u00e9ry, le lyc\u00e9e Andr\u00e9-Malraux et le lyc\u00e9e Descartes \u00e0 Rabat, ainsi que le coll\u00e8ge Louis Massignon et lyc\u00e9e Lyautey \u00e0 Casablanca ont d\u00e9cid\u00e9 de fermer leurs portes.<\/p>\n<p>D&rsquo;autres \u00e9coles pr\u00e9f\u00e8rent fermer les classes concern\u00e9es par les cas de contamination au lieu de fermer compl\u00e8tement.<\/p>\n<p>Ce lundi, le lyc\u00e9e Al Jabr Bouskoura a proc\u00e9d\u00e9 \u00e0 la fermeture d&rsquo;une classe enti\u00e8re suite \u00e0 la multiplication des cas test\u00e9s positifs au Covid-19. \u00ab Aujourd&rsquo;hui, nous enregistrons le troisi\u00e8me \u00e9l\u00e8ve test\u00e9 positif au Covid. (\u2026) Les \u00e9l\u00e8ves de cette classe passent en enseignement distanciel imm\u00e9diatement pour une p\u00e9riode de 7 jours (jusqu&rsquo;au 17 janvier 2022 inclus \u00bb, a annonc\u00e9 l&rsquo;\u00e9cole aux parents d&rsquo;\u00e9l\u00e8ves.<\/p>\n<p>En d\u00e9pit de cette hausse des contaminations dans les \u00e9coles, une fermeture g\u00e9n\u00e9ralis\u00e9e des \u00e9tablissements scolaires n&rsquo;est pas \u00e0 l&rsquo;ordre du jour. Le porte-parole du gouvernement a affirm\u00e9, jeudi dernier, qu&rsquo;il n&rsquo;est pas question de fermer toutes les \u00e9coles.<\/p>\n<p>Cet article <a rel=\"nofollow\" href=\"https:\/\/www.journalducameroun.com\/maroc-fermetures-de-classe-et-decoles-apres-la-decouverte-de-plusieurs-cas-de-covid-19\/\">Maroc: fermetures de classe et d\u2019\u00e9coles apr\u00e8s la d\u00e9couverte de plusieurs cas de Covid-19<\/a> est apparu en premier sur <a rel=\"nofollow\" href=\"https:\/\/www.journalducameroun.com\/\">Journal du Cameroun<\/a>.<\/p>\n<\/div>\n<p>Auteur: APA News<br \/>\n<a href=\"https:\/\/www.journalducameroun.com\/maroc-fermetures-de-classe-et-decoles-apres-la-decouverte-de-plusieurs-cas-de-covid-19\/\">Cliquez ici pour lire l&rsquo;article depuis sa source.<\/a><\/p>\n","protected":false},"excerpt":{"rendered":"<p>Les fermetures des \u00e9tablissements scolaires au Maroc, o\u00f9 des cas de Covid ont \u00e9t\u00e9 d\u00e9tect\u00e9s cette semaine, se poursuivent. Ce lundi, c&rsquo;est le lyc\u00e9e Jean Charcot \u00e0 El Jadida qui a ferm\u00e9 ses portes suite \u00e0 un d\u00e9pistage \u00e9tabli par la d\u00e9l\u00e9gation de la sant\u00e9 sur un \u00e9chantillon de 45 \u00e9l\u00e8ves et 30 adultes du [&hellip;]<\/p>\n","protected":false},"author":1965,"featured_media":0,"comment_status":"closed","ping_status":"closed","sticky":false,"template":"","format":"standard","meta":{"fifu_image_url":"https:\/\/www.journalducameroun.com\/wp-content\/uploads\/2022\/01\/16418530837682.jpg","fifu_image_alt":"Maroc: fermetures de classe et d\u2019\u00e9coles apr\u00e8s la d\u00e9couverte de plusieurs cas de Covid-19","footnotes":""},"categories":[73,82],"tags":[],"class_list":["post-138193","post","type-post","status-publish","format-standard","hentry","category-actualite","category-cameroun"],"_links":{"self":[{"href":"https:\/\/linitiative.ca\/International\/wp-json\/wp\/v2\/posts\/138193","targetHints":{"allow":["GET"]}}],"collection":[{"href":"https:\/\/linitiative.ca\/International\/wp-json\/wp\/v2\/posts"}],"about":[{"href":"https:\/\/linitiative.ca\/International\/wp-json\/wp\/v2\/types\/post"}],"author":[{"embeddable":true,"href":"https:\/\/linitiative.ca\/International\/wp-json\/wp\/v2\/users\/1965"}],"replies":[{"embeddable":true,"href":"https:\/\/linitiative.ca\/International\/wp-json\/wp\/v2\/comments?post=138193"}],"version-history":[{"count":0,"href":"https:\/\/linitiative.ca\/International\/wp-json\/wp\/v2\/posts\/138193\/revisions"}],"wp:attachment":[{"href":"https:\/\/linitiative.ca\/International\/wp-json\/wp\/v2\/media?parent=138193"}],"wp:term":[{"taxonomy":"category","embeddable":true,"href":"https:\/\/linitiative.ca\/International\/wp-json\/wp\/v2\/categories?post=138193"},{"taxonomy":"post_tag","embeddable":true,"href":"https:\/\/linitiative.ca\/International\/wp-json\/wp\/v2\/tags?post=138193"}],"curies":[{"name":"wp","href":"https:\/\/api.w.org\/{rel}","templated":true}]}}