{"id":138195,"date":"2022-01-10T04:22:35","date_gmt":"2022-01-10T09:22:35","guid":{"rendered":"https:\/\/linitiative.ca\/International\/loi-de-finances-les-grandes-lignes-de-lexecution-budgetaire-en-2022\/"},"modified":"2022-01-10T04:22:35","modified_gmt":"2022-01-10T09:22:35","slug":"loi-de-finances-les-grandes-lignes-de-lexecution-budgetaire-en-2022","status":"publish","type":"post","link":"https:\/\/linitiative.ca\/International\/loi-de-finances-les-grandes-lignes-de-lexecution-budgetaire-en-2022\/","title":{"rendered":"Loi de finances : les grandes lignes de l\u2019ex\u00e9cution budg\u00e9taire en 2022"},"content":{"rendered":"<div>\n<p>Discipline, transparence et bonne gouvernance. La maxime a \u00e9t\u00e9 r\u00e9it\u00e9r\u00e9e le 5 janvier dernier \u00e0 Garoua par le ministre des finances au cours de la c\u00e9r\u00e9monie officielle de lancement du budget de l\u2019Etat pour l\u2019exercice 2022. Un message qui va tout droit \u00e0 l\u2019endroit des de tous les acteurs intervenant dans la cha\u00eene d\u2019ex\u00e9cution du budget. Et pour faciliter la compr\u00e9hension, le gouvernement a, en plus du manuel de r\u00e9f\u00e9rence relatif \u00e0 l\u2019ex\u00e9cution du budget de l\u2019Etat et des \u00e9tablissements publics, mis sur pied un manuel pour l\u2019\u00e9x\u00e9cution du budget des CTD. <\/p>\n<p><strong>Lire aussi<\/strong> : <a href=\"https:\/\/ecomatin.net\/loi-des-finances-les-huit-mesures-phares-de-la-douanes-en-2022\/\"><strong>Loi des finances : les huit mesures phares de la Douane en 2022<\/strong><\/a><\/p>\n<p>La loi des finances de l\u2019exercice 2022, promulgu\u00e9e par le pr\u00e9sident de la R\u00e9publique le 16 d\u00e9cembre 2021 et dont la circulaire, portant instructions relatives \u00e0 l\u2019ex\u00e9cution des lois de finances, au suivi et au contr\u00f4le de l\u2019ex\u00e9cution du budget de l\u2019Etat et des autres entit\u00e9s au titre de l\u2019ann\u00e9e budg\u00e9taire en cours, a \u00e9t\u00e9 sign\u00e9e le 30 d\u00e9cembre 2021, est entr\u00e9e dans sa phase d\u2019ex\u00e9cution officielle. Sa mise en \u0153uvre va se faire dans un contexte de renforcement de la discipline budg\u00e9taire. Toute chose qui implique le respect des priorit\u00e9s gouvernementales, des calendriers d\u2019ex\u00e9cution des projets arr\u00eat\u00e9s dans la loi des finances et des lois et r\u00e8glements.<\/p>\n<p><strong>Lire aussi<\/strong> :<strong> <a href=\"https:\/\/ecomatin.net\/loi-de-finances-2022-zoom-sur-les-priorites-du-mincommerce-minepat-minpostel-minepia\/\">Loi de finances 2022 : Zoom sur les priorit\u00e9s du Mincommerce, Minepat, Minpostel, Minepia\u2026<\/a><\/strong><\/p>\n<p>Face aux incertitudes li\u00e9es \u00e0 la ma\u00eetrise des cons\u00e9quences de la crise sanitaire mondiale dont les effets sur n\u00e9fastes sur l\u2019\u00e9conomie continuent de paralyser les objectifs de d\u00e9veloppement, le gouvernement va prioritairement, assure le ministre des Finances, poursuivre la strat\u00e9gie nationale de riposte au Covid-19 et ses r\u00e9percussions socio-\u00e9conomiques, en mettant un accent sur la vaccination. Autres priorit\u00e9s que l\u2019enveloppe de 5 752,4 milliards va devoir satisfaire, le ministre des Finances, dans son discours de lancement solennel, a indiqu\u00e9 que le budget de l\u2019Etat pour l\u2019exercice 2022 s\u2019ex\u00e9cute en droite ligne de la mise en \u0153uvre de la Strat\u00e9gie nationale de d\u00e9veloppement 2020-2030.<\/p>\n<p><strong>Lire aussi<\/strong> : <a href=\"https:\/\/ecomatin.net\/loi-de-finances-2022-pourquoi-larticle-93-devrait-etre-suspendu-clarifie-et-t-complete-pour-lexercice-2023\/\"><strong>Loi de finances 2022 : pourquoi l\u2019article 93 devrait \u00eatre suspendu, clarifi\u00e9 et compl\u00e9t\u00e9 pour l\u2019exercice 2023<\/strong><\/a><\/p>\n<p>Aussi consacre-t-il \u00e9galement ses ressources \u00e0 la mise en \u0153uvre de la couverture sant\u00e9 universelle, \u00e0 la prise en charge des pathologies affectant les femmes enceintes et les enfants de moins de 5 ans, \u00e0 la mat\u00e9rialisation du plan de reconstruction des r\u00e9gions en crise de l\u2019Extr\u00eame-Nord, du Nord-Ouest et du Sud-Ouest, au maintien de la veille s\u00e9curitaire sur toute l\u2019\u00e9tendue du territoire en raison des menaces multiformes.<\/p>\n<p><strong>Lire aussi<\/strong> : <a href=\"https:\/\/ecomatin.net\/loi-de-finances-2022-controverse-entre-experts-s-comptables-et-fiscalistes-autour-du-marche-de-conseil-fiscal\/\"><strong>Loi de Finances 2022 : controverse entre Experts-comptables et fiscalistes autour du march\u00e9 de conseil fiscal<\/strong><\/a><\/p>\n<p>Il y a \u00e9galement l\u2019organisation r\u00e9ussie de la Can 2021, la consolidation de la dynamique de croissance engag\u00e9e avec les grands projets structurants de premi\u00e8re g\u00e9n\u00e9ration, la consolidation des acquis de la d\u00e9centralisation qui b\u00e9n\u00e9ficie d\u2019une enveloppe de plus de 242 milliards de Fcfa en 2022. Le processus vient de b\u00e9n\u00e9ficier de la signature de quatre textes pr\u00e9sidentiels qui marquent une nouvelle avanc\u00e9e dans le transfert des ressources et des comp\u00e9tences. Le champ des b\u00e9n\u00e9ficiaires de la dotation g\u00e9n\u00e9rale d\u00e9di\u00e9e \u00e0 la d\u00e9centralisation s\u2019est \u00e9largi aux mairies de ville.<\/p>\n<p>L\u2019article <a rel=\"nofollow\" href=\"https:\/\/ecomatin.net\/loi-de-finances-les-grandes-lignes-de-lexecution-budgetaire-en-2022\/\">Loi de finances : les grandes lignes de l\u2019ex\u00e9cution budg\u00e9taire en 2022<\/a> est apparu en premier sur <a rel=\"nofollow\" href=\"https:\/\/ecomatin.net\/\">EcoMatin<\/a>.<\/p>\n<\/div>\n<p>Auteur: Cedrick JIONGO<br \/>\n<a href=\"https:\/\/ecomatin.net\/loi-de-finances-les-grandes-lignes-de-lexecution-budgetaire-en-2022\/\">Cliquez ici pour lire l&rsquo;article depuis sa source.<\/a><\/p>\n","protected":false},"excerpt":{"rendered":"<p>Discipline, transparence et bonne gouvernance. La maxime a \u00e9t\u00e9 r\u00e9it\u00e9r\u00e9e le 5 janvier dernier \u00e0 Garoua par le ministre des finances au cours de la c\u00e9r\u00e9monie officielle de lancement du budget de l\u2019Etat pour l\u2019exercice 2022. Un message qui va tout droit \u00e0 l\u2019endroit des de tous les acteurs intervenant dans la cha\u00eene d\u2019ex\u00e9cution du [&hellip;]<\/p>\n","protected":false},"author":1969,"featured_media":0,"comment_status":"closed","ping_status":"closed","sticky":false,"template":"","format":"standard","meta":{"fifu_image_url":"","fifu_image_alt":"","footnotes":""},"categories":[82,78],"tags":[],"class_list":["post-138195","post","type-post","status-publish","format-standard","hentry","category-cameroun","category-economie"],"_links":{"self":[{"href":"https:\/\/linitiative.ca\/International\/wp-json\/wp\/v2\/posts\/138195","targetHints":{"allow":["GET"]}}],"collection":[{"href":"https:\/\/linitiative.ca\/International\/wp-json\/wp\/v2\/posts"}],"about":[{"href":"https:\/\/linitiative.ca\/International\/wp-json\/wp\/v2\/types\/post"}],"author":[{"embeddable":true,"href":"https:\/\/linitiative.ca\/International\/wp-json\/wp\/v2\/users\/1969"}],"replies":[{"embeddable":true,"href":"https:\/\/linitiative.ca\/International\/wp-json\/wp\/v2\/comments?post=138195"}],"version-history":[{"count":0,"href":"https:\/\/linitiative.ca\/International\/wp-json\/wp\/v2\/posts\/138195\/revisions"}],"wp:attachment":[{"href":"https:\/\/linitiative.ca\/International\/wp-json\/wp\/v2\/media?parent=138195"}],"wp:term":[{"taxonomy":"category","embeddable":true,"href":"https:\/\/linitiative.ca\/International\/wp-json\/wp\/v2\/categories?post=138195"},{"taxonomy":"post_tag","embeddable":true,"href":"https:\/\/linitiative.ca\/International\/wp-json\/wp\/v2\/tags?post=138195"}],"curies":[{"name":"wp","href":"https:\/\/api.w.org\/{rel}","templated":true}]}}