{"id":138197,"date":"2022-01-10T09:16:19","date_gmt":"2022-01-10T14:16:19","guid":{"rendered":"https:\/\/linitiative.ca\/International\/agression-des-journalistes-algeriens-a-douala-la-caf-condamne\/"},"modified":"2022-01-10T09:16:19","modified_gmt":"2022-01-10T14:16:19","slug":"agression-des-journalistes-algeriens-a-douala-la-caf-condamne","status":"publish","type":"post","link":"https:\/\/linitiative.ca\/International\/agression-des-journalistes-algeriens-a-douala-la-caf-condamne\/","title":{"rendered":"Agression des journalistes alg\u00e9riens \u00e0 Douala : la CAF condamne"},"content":{"rendered":"<div>\n<p>Trois journalistes alg\u00e9riens ont \u00e9t\u00e9 victimes d\u2019une agression \u00e0 l\u2019arme blanche \u00e0 Douala dans la nuit du 9 janvier. Consciente de son r\u00f4le d\u2019organisateur de\u00a0 la can en terre camerounaise la conf\u00e9d\u00e9ration africaine de football a tenu \u00e0 apporter son soutien aux hommes de m\u00e9dias dans une d\u00e9claration publi\u00e9e ce lundi 10 janvier.<\/p>\n<p><strong>La d\u00e9claration\u2026<\/strong><\/p>\n<p>\u00ab\u00a0D\u00e9claration de la CAF sur l\u2019agression des journalistes alg\u00e9riens \u00e0 Douala. La Conf\u00e9d\u00e9ration Africaine de Football (CAF) a \u00e9t\u00e9 inform\u00e9e de ce que, durant la nuit du 9 janvier, \u00e0 Douala, autour de 22h des journalistes de nationalit\u00e9 alg\u00e9rienne ont \u00e9t\u00e9 victimes d\u2019une agression physique \u00e0 l\u2019arme blanche perp\u00e9tr\u00e9e dans la rue par des individus non identifi\u00e9s. Ces derniers leur auraient d\u00e9rob\u00e9 des effets personnels. Les victimes ont \u00e9t\u00e9 prises en charge sur le plan sanitaire et leurs jours ne sont pas en danger.<\/p>\n<p> <strong>Lire aussi<\/strong> : <a href=\"https:\/\/ecomatin.net\/trois-journalistes-algeriens-agresses-a-douala\/\"><strong>Trois journalistes alg\u00e9riens agress\u00e9s \u00e0 Douala<\/strong><\/a> <\/p>\n<p>La CAF condamne avec force cet acte indigne et exprime sa solidarit\u00e9 et ses v\u0153ux de bon r\u00e9tablissement aux victimes. Elle invite les autorit\u00e9s locales \u00e0 tout mettre en \u0153uvre pour faire la lumi\u00e8re sur cette affaire. La CAF va imm\u00e9diatement demander l\u2019ouverture d\u2019une enqu\u00eate.<\/p>\n<p>La CAF invite les Camerounais et tous les intervenants \u00e0 s\u2019abstenir de tout acte de provocation et de violence pour ne pas g\u00e2cher la belle f\u00eate du football qu\u2019est la CAN. Les pouvoirs publics et les organisateurs ont besoin de la contribution de tous pour assurer \u00e0 tous les participants \u00e0 la CAN TotalEnergies 2021 et aux repr\u00e9sentants des m\u00e9dias de tous les pays une s\u00e9curit\u00e9 optimale.\u00a0\u00bb<\/p>\n<p><strong>Lire aussi<\/strong> : <a href=\"https:\/\/ecomatin.net\/selection-samy-et-ryan-mmaee-deux-camerounais-sous-les-couleurs-du-maroc\/\"><strong>S\u00e9lection : Samy et Ryan Mmaee Nwabeben deux jeunes camerounais sous les couleurs du Maroc<\/strong><\/a><\/p>\n<p>L\u2019article <a rel=\"nofollow\" href=\"https:\/\/ecomatin.net\/agression-des-journalistes-algeriens-a-douala-la-caf-condamne\/\">Agression des journalistes alg\u00e9riens \u00e0 Douala : la CAF condamne<\/a> est apparu en premier sur <a rel=\"nofollow\" href=\"https:\/\/ecomatin.net\/\">EcoMatin<\/a>.<\/p>\n<\/div>\n<p>Auteur: EcoMatin<br \/>\n<a href=\"https:\/\/ecomatin.net\/agression-des-journalistes-algeriens-a-douala-la-caf-condamne\/\">Cliquez ici pour lire l&rsquo;article depuis sa source.<\/a><\/p>\n","protected":false},"excerpt":{"rendered":"<p>Trois journalistes alg\u00e9riens ont \u00e9t\u00e9 victimes d\u2019une agression \u00e0 l\u2019arme blanche \u00e0 Douala dans la nuit du 9 janvier. Consciente de son r\u00f4le d\u2019organisateur de\u00a0 la can en terre camerounaise la conf\u00e9d\u00e9ration africaine de football a tenu \u00e0 apporter son soutien aux hommes de m\u00e9dias dans une d\u00e9claration publi\u00e9e ce lundi 10 janvier. La d\u00e9claration\u2026 [&hellip;]<\/p>\n","protected":false},"author":1969,"featured_media":0,"comment_status":"closed","ping_status":"closed","sticky":false,"template":"","format":"standard","meta":{"fifu_image_url":"","fifu_image_alt":"","footnotes":""},"categories":[82,78],"tags":[],"class_list":["post-138197","post","type-post","status-publish","format-standard","hentry","category-cameroun","category-economie"],"_links":{"self":[{"href":"https:\/\/linitiative.ca\/International\/wp-json\/wp\/v2\/posts\/138197","targetHints":{"allow":["GET"]}}],"collection":[{"href":"https:\/\/linitiative.ca\/International\/wp-json\/wp\/v2\/posts"}],"about":[{"href":"https:\/\/linitiative.ca\/International\/wp-json\/wp\/v2\/types\/post"}],"author":[{"embeddable":true,"href":"https:\/\/linitiative.ca\/International\/wp-json\/wp\/v2\/users\/1969"}],"replies":[{"embeddable":true,"href":"https:\/\/linitiative.ca\/International\/wp-json\/wp\/v2\/comments?post=138197"}],"version-history":[{"count":0,"href":"https:\/\/linitiative.ca\/International\/wp-json\/wp\/v2\/posts\/138197\/revisions"}],"wp:attachment":[{"href":"https:\/\/linitiative.ca\/International\/wp-json\/wp\/v2\/media?parent=138197"}],"wp:term":[{"taxonomy":"category","embeddable":true,"href":"https:\/\/linitiative.ca\/International\/wp-json\/wp\/v2\/categories?post=138197"},{"taxonomy":"post_tag","embeddable":true,"href":"https:\/\/linitiative.ca\/International\/wp-json\/wp\/v2\/tags?post=138197"}],"curies":[{"name":"wp","href":"https:\/\/api.w.org\/{rel}","templated":true}]}}