{"id":138199,"date":"2022-01-10T11:30:45","date_gmt":"2022-01-10T16:30:45","guid":{"rendered":"https:\/\/linitiative.ca\/International\/douala-ladministration-dresse-un-plan-de-circulation-pour-les-jours-de-match\/"},"modified":"2022-01-10T11:30:45","modified_gmt":"2022-01-10T16:30:45","slug":"douala-ladministration-dresse-un-plan-de-circulation-pour-les-jours-de-match","status":"publish","type":"post","link":"https:\/\/linitiative.ca\/International\/douala-ladministration-dresse-un-plan-de-circulation-pour-les-jours-de-match\/","title":{"rendered":"Douala : l\u2019administration dresse un plan de circulation pour les jours de match"},"content":{"rendered":"<div>\n<p>Afin de permettre la fluidit\u00e9 des personnes, les deux heures avant le d\u00e9but des rencontres de la poule E de Douala seront d\u00e9cisives. A partir de 18h00 en effet, le corridor retenu\u00a0 pour le d\u00e9placement des officiels, et des \u00e9quipes en lice sera ferm\u00e9 \u00e0 la circulation publique, jusqu\u2019\u00e0 leur arriv\u00e9 au Stade de Japoma. Il sera\u00a0 rouvert, d\u2019apr\u00e8s le Commissaire divisionnaire Raymond Essogo, le D\u00e9l\u00e9gu\u00e9 r\u00e9gional \u00e0 la s\u00fbret\u00e9 nationale pour le Littoral, au d\u00e9but de la rencontre, et ferm\u00e9 30 minutes avant la fin de match.\u00a0<\/p>\n<p><strong>Lire aussi<\/strong> : <strong><a href=\"https:\/\/ecomatin.net\/trois-journalistes-algeriens-agresses-a-douala\/\">Trois journalistes alg\u00e9riens agress\u00e9s \u00e0 Douala<\/a><\/strong><\/p>\n<p>En revanche, les usagers pourront se mouvoir sereinement du \u00abCarrefour March\u00e9 des fleurs\u00bb, dans l\u2019Arrondissement de Douala 1er, \u00e0 l\u2019\u00e9changeur \u00abNelson Mandela\u00bb, Arrondissement de Douala 3\u00e8me, puis des \u00abCarrefour des billes\u00bb, du march\u00e9 Ndogpassi, Ari et Yassa, toujours dans l\u2019Arrondissement de Douala 3e. A cet effet, des voies de d\u00e9viation ont \u00e9galement \u00e9t\u00e9 pr\u00e9vues. Il s\u2019agit principalement de la voie allant du pont sur la Dibamba \u00e0 \u00abTotal Nkolmbong\u00bb au \u00abCarrefour march\u00e9 des fleurs\u00bb. D\u2019apr\u00e8s le Commissaire divisionnaire Raymond Essogo, ce plan de circulation est retenu en vue de permettre aux usagers de se d\u00e9placer, sans incidences f\u00e2cheuses ou impacts n\u00e9gatifs sur les activit\u00e9s dans la capitale \u00e9conomique. \u00abNous les invitons \u00e0 plus de civisme\u00bb, ajoute le D\u00e9l\u00e9gu\u00e9 r\u00e9gional \u00e0 la s\u00fbret\u00e9 nationale pour le Littoral.<\/p>\n<p><strong>Lire aussi<\/strong> : <strong><a href=\"https:\/\/ecomatin.net\/selection-samy-et-ryan-mmaee-deux-camerounais-sous-les-couleurs-du-maroc\/\">S\u00e9lection : Samy et Ryan Mmaee Nwabeben deux jeunes camerounais sous les couleurs du Maroc<\/a><\/strong><\/p>\n<p>Centre des affaires et haut lieu des activit\u00e9s \u00e9conomiques, la ville de Douala devra jouer son pleinement \u00e0 cette occasion son r\u00f4le de ville sportive, attractive et comp\u00e9titive.\u00a0\u00ab Ce plan de circulation de la ville de Douala, durant\u00a0 la CAN Total \u00c9nergies 2021 a d\u00e9j\u00e0 \u00e9t\u00e9 exp\u00e9riment\u00e9 lors du match Cameroun-Cote d\u2019Ivoire du 16 novembre 2021 comptant pour les barrages du mondial Qatar 2022\u00bb, a de nouveau pr\u00e9cis\u00e9 le patron r\u00e9gional de la police. Par\u00a0ailleurs, le haut grad\u00e9 de la police nationale a appel\u00e9 les forces du maintien de l\u2019ordre \u00e0 redoubler de vigilance pour une CAN 2021 sans ins\u00e9curit\u00e9s. Le Commissaire divisionnaire Raymond Essogo invite \u00e9galement les populations \u00e0 d\u00e9noncer tout comportement suspect pouvant entacher la r\u00e9ussite de cette grande messe du football continental. Cet appel intervient au lendemain de la\u00a0<a href=\"https:\/\/ecomatin.net\/agression-des-journalistes-algeriens-a-douala-la-caf-condamne\/\"><strong>violente agression subie par trois journalistes Alg\u00e9riens au quartier Bonanjo<\/strong><\/a>. Les faits se sont d\u00e9roul\u00e9s dans la nuit du 9 janvier 2022. Rappelons que le premier match de la Poule E de Douala se joue ce mardi 11 janvier 2022, entre l\u2019Alg\u00e9rie et la Sierra Leone.<\/p>\n<p><strong>Lire aussi<\/strong> : <strong><a href=\"https:\/\/ecomatin.net\/cameroun-vs-s-burkina-faso-la-fan-zone-de-douala-a-vibre\/\">Cameroun vs Burkina Faso : la fan zone de Douala a vibr\u00e9<\/a><\/strong><\/p>\n<p>L\u2019article <a rel=\"nofollow\" href=\"https:\/\/ecomatin.net\/douala-ladministration-dresse-un-plan-de-circulation-pour-les-jours-de-match\/\">Douala : l\u2019administration dresse un plan de circulation pour les jours de match<\/a> est apparu en premier sur <a rel=\"nofollow\" href=\"https:\/\/ecomatin.net\/\">EcoMatin<\/a>.<\/p>\n<\/div>\n<p>Auteur: Georges Semey<br \/>\n<a href=\"https:\/\/ecomatin.net\/douala-ladministration-dresse-un-plan-de-circulation-pour-les-jours-de-match\/\">Cliquez ici pour lire l&rsquo;article depuis sa source.<\/a><\/p>\n","protected":false},"excerpt":{"rendered":"<p>Afin de permettre la fluidit\u00e9 des personnes, les deux heures avant le d\u00e9but des rencontres de la poule E de Douala seront d\u00e9cisives. A partir de 18h00 en effet, le corridor retenu\u00a0 pour le d\u00e9placement des officiels, et des \u00e9quipes en lice sera ferm\u00e9 \u00e0 la circulation publique, jusqu\u2019\u00e0 leur arriv\u00e9 au Stade de Japoma. [&hellip;]<\/p>\n","protected":false},"author":1969,"featured_media":0,"comment_status":"closed","ping_status":"closed","sticky":false,"template":"","format":"standard","meta":{"fifu_image_url":"","fifu_image_alt":"","footnotes":""},"categories":[82,78],"tags":[],"class_list":["post-138199","post","type-post","status-publish","format-standard","hentry","category-cameroun","category-economie"],"_links":{"self":[{"href":"https:\/\/linitiative.ca\/International\/wp-json\/wp\/v2\/posts\/138199","targetHints":{"allow":["GET"]}}],"collection":[{"href":"https:\/\/linitiative.ca\/International\/wp-json\/wp\/v2\/posts"}],"about":[{"href":"https:\/\/linitiative.ca\/International\/wp-json\/wp\/v2\/types\/post"}],"author":[{"embeddable":true,"href":"https:\/\/linitiative.ca\/International\/wp-json\/wp\/v2\/users\/1969"}],"replies":[{"embeddable":true,"href":"https:\/\/linitiative.ca\/International\/wp-json\/wp\/v2\/comments?post=138199"}],"version-history":[{"count":0,"href":"https:\/\/linitiative.ca\/International\/wp-json\/wp\/v2\/posts\/138199\/revisions"}],"wp:attachment":[{"href":"https:\/\/linitiative.ca\/International\/wp-json\/wp\/v2\/media?parent=138199"}],"wp:term":[{"taxonomy":"category","embeddable":true,"href":"https:\/\/linitiative.ca\/International\/wp-json\/wp\/v2\/categories?post=138199"},{"taxonomy":"post_tag","embeddable":true,"href":"https:\/\/linitiative.ca\/International\/wp-json\/wp\/v2\/tags?post=138199"}],"curies":[{"name":"wp","href":"https:\/\/api.w.org\/{rel}","templated":true}]}}