{"id":138200,"date":"2022-01-11T06:05:50","date_gmt":"2022-01-11T11:05:50","guid":{"rendered":"https:\/\/linitiative.ca\/International\/grace-royale-au-profit-de-637-personnes-a-loccasion-de-la-commemoration-de-la-presentation-du-manifeste-de-lindependance\/"},"modified":"2022-01-11T06:05:50","modified_gmt":"2022-01-11T11:05:50","slug":"grace-royale-au-profit-de-637-personnes-a-loccasion-de-la-commemoration-de-la-presentation-du-manifeste-de-lindependance","status":"publish","type":"post","link":"https:\/\/linitiative.ca\/International\/grace-royale-au-profit-de-637-personnes-a-loccasion-de-la-commemoration-de-la-presentation-du-manifeste-de-lindependance\/","title":{"rendered":"Gr\u00e2ce royale au profit de 637 personnes \u00e0 l\u2019occasion de la comm\u00e9moration de la pr\u00e9sentation du Manifeste de l\u2019Ind\u00e9pendance"},"content":{"rendered":"<div>\n<p><img loading=\"lazy\" decoding=\"async\" width=\"300\" height=\"152\" src=\"https:\/\/linitiative.ca\/International\/wp-content\/uploads\/sites\/23\/2022\/01\/discours-grace-copier-1-504x300-504x300-1-300x152-1.jpg\" class=\"attachment-medium size-medium wp-post-image\" alt=\"\" srcset=\"https:\/\/linitiative.ca\/International\/wp-content\/uploads\/sites\/23\/2022\/01\/discours-grace-copier-1-504x300-504x300-1-300x152-1.jpg 300w, https:\/\/aujourdhui.ma\/wp-content\/uploads\/2020\/11\/discours-grace-copier-1-504x300-504x300-1-274x140.jpg 274w, https:\/\/aujourdhui.ma\/wp-content\/uploads\/2020\/11\/discours-grace-copier-1-504x300-504x300-1.jpg 746w, https:\/\/aujourdhui.ma\/wp-content\/uploads\/2020\/11\/discours-grace-copier-1-504x300-504x300-1-165x84.jpg 165w, https:\/\/aujourdhui.ma\/wp-content\/uploads\/2020\/11\/discours-grace-copier-1-504x300-504x300-1-702x358.jpg 702w\" sizes=\"auto, (max-width: 300px) 100vw, 300px\"><\/p>\n<p><strong>\u00c0 l\u2019occasion de la comm\u00e9moration de la pr\u00e9sentation du Manifeste de l\u2019Ind\u00e9pendance, SM le Roi Mohammed VI, que Dieu L\u2019assiste, a bien voulu accorder Sa gr\u00e2ce \u00e0 637 personnes condamn\u00e9es par diff\u00e9rents tribunaux du Royaume, annonce le minist\u00e8re de la Justice dans un communiqu\u00e9.<\/strong><span id=\"more-397137\"><\/span><\/p>\n<p>En voici le texte :<\/p>\n<p>\u00ab\u00a0\u00c0 l\u2019occasion de la comm\u00e9moration de la Pr\u00e9sentation du Manifeste de l\u2019Ind\u00e9pendance, de cette ann\u00e9e 1443 H. \u2013 2022 G.<\/p>\n<p>Sa Majest\u00e9 le Roi Mohammed VI, que Dieu perp\u00e9tue Sa gloire, a bien voulu accorder Sa gr\u00e2ce \u00e0 un ensemble de personnes condamn\u00e9es par diff\u00e9rents tribunaux du Royaume. Ces personnes sont au nombre de 637, et se pr\u00e9sentent comme suit :<\/p>\n<p>Les b\u00e9n\u00e9ficiaires de la gr\u00e2ce royale, qui sont en d\u00e9tention, sont au nombre de 500 d\u00e9tenus se r\u00e9partissant comme suit:<\/p>\n<p>\u2013 Gr\u00e2ce sur le reliquat de la peine d\u2019emprisonnement ou de r\u00e9clusion au profit de 22 d\u00e9tenus.<\/p>\n<p>\u2013 Remise de la peine d\u2019emprisonnement ou de r\u00e9clusion au profit de 473 d\u00e9tenus.<\/p>\n<p>\u2013 Commutation de la peine perp\u00e9tuelle en peine \u00e0 temps au profit de (05) d\u00e9tenu.<\/p>\n<p>Les b\u00e9n\u00e9ficiaires de la gr\u00e2ce royale qui sont en libert\u00e9 sont au nombre de 137 personnes se r\u00e9partissant comme suit :<\/p>\n<p>\u2013 Gr\u00e2ce sur la peine d\u2019emprisonnement ou son reliquat au profit de 52 personnes.<\/p>\n<p>\u2013 Gr\u00e2ce sur la peine d\u2019emprisonnement avec maintien de l\u2019amende au profit de 05 personnes.<\/p>\n<p>\u2013 Gr\u00e2ce sur la peine d\u2019amende au profit de 77 personnes.<\/p>\n<p>\u2013 Gr\u00e2ce sur la peine d\u2019emprisonnement et d\u2019amende au profit de 03 personnes.<\/p>\n<p>Puisse Dieu garder Sa Majest\u00e9 le Roi, source de cl\u00e9mence et de mis\u00e9ricorde, perp\u00e9tuer Sa gloire et pr\u00e9server Son Altesse Royale le Prince H\u00e9ritier Moulay El Hassan ainsi que tous les membres de la Famille Royale\u00a0\u00bb.<\/p>\n<\/div>\n<p>Auteur: ALM<br \/>\n<a href=\"https:\/\/aujourdhui.ma\/actualite\/grace-royale-au-profit-de-637-personnes-a-loccasion-de-la-commemoration-de-la-presentation-du-manifeste-de-lindependance\">Cliquez ici pour lire l&rsquo;article depuis sa source.<\/a><\/p>\n","protected":false},"excerpt":{"rendered":"<p>\u00c0 l\u2019occasion de la comm\u00e9moration de la pr\u00e9sentation du Manifeste de l\u2019Ind\u00e9pendance, SM le Roi Mohammed VI, que Dieu L\u2019assiste, a bien voulu accorder Sa gr\u00e2ce \u00e0 637 personnes condamn\u00e9es par diff\u00e9rents tribunaux du Royaume, annonce le minist\u00e8re de la Justice dans un communiqu\u00e9. En voici le texte : \u00ab\u00a0\u00c0 l\u2019occasion de la comm\u00e9moration de [&hellip;]<\/p>\n","protected":false},"author":1759,"featured_media":0,"comment_status":"closed","ping_status":"closed","sticky":false,"template":"","format":"standard","meta":{"fifu_image_url":"https:\/\/aujourdhui.ma\/wp-content\/uploads\/2020\/11\/discours-grace-copier-1-504x300-504x300-1-300x152.jpg","fifu_image_alt":"Gr\u00e2ce royale au profit de 637 personnes \u00e0 l\u2019occasion de la comm\u00e9moration de la pr\u00e9sentation du Manifeste de l\u2019Ind\u00e9pendance","footnotes":""},"categories":[73,54],"tags":[],"class_list":["post-138200","post","type-post","status-publish","format-standard","hentry","category-actualite","category-maroc"],"_links":{"self":[{"href":"https:\/\/linitiative.ca\/International\/wp-json\/wp\/v2\/posts\/138200","targetHints":{"allow":["GET"]}}],"collection":[{"href":"https:\/\/linitiative.ca\/International\/wp-json\/wp\/v2\/posts"}],"about":[{"href":"https:\/\/linitiative.ca\/International\/wp-json\/wp\/v2\/types\/post"}],"author":[{"embeddable":true,"href":"https:\/\/linitiative.ca\/International\/wp-json\/wp\/v2\/users\/1759"}],"replies":[{"embeddable":true,"href":"https:\/\/linitiative.ca\/International\/wp-json\/wp\/v2\/comments?post=138200"}],"version-history":[{"count":0,"href":"https:\/\/linitiative.ca\/International\/wp-json\/wp\/v2\/posts\/138200\/revisions"}],"wp:attachment":[{"href":"https:\/\/linitiative.ca\/International\/wp-json\/wp\/v2\/media?parent=138200"}],"wp:term":[{"taxonomy":"category","embeddable":true,"href":"https:\/\/linitiative.ca\/International\/wp-json\/wp\/v2\/categories?post=138200"},{"taxonomy":"post_tag","embeddable":true,"href":"https:\/\/linitiative.ca\/International\/wp-json\/wp\/v2\/tags?post=138200"}],"curies":[{"name":"wp","href":"https:\/\/api.w.org\/{rel}","templated":true}]}}