{"id":138204,"date":"2022-01-11T09:00:22","date_gmt":"2022-01-11T14:00:22","guid":{"rendered":"https:\/\/linitiative.ca\/International\/le-mecene-bert-flint-expose-ses-oeuvres-dart-a-casablanca\/"},"modified":"2022-01-11T09:00:22","modified_gmt":"2022-01-11T14:00:22","slug":"le-mecene-bert-flint-expose-ses-oeuvres-dart-a-casablanca","status":"publish","type":"post","link":"https:\/\/linitiative.ca\/International\/le-mecene-bert-flint-expose-ses-oeuvres-dart-a-casablanca\/","title":{"rendered":"Le m\u00e9c\u00e8ne Bert Flint expose ses oeuvres d\u2019art \u00e0 Casablanca"},"content":{"rendered":"<div>\n<p><img loading=\"lazy\" decoding=\"async\" width=\"300\" height=\"153\" src=\"https:\/\/linitiative.ca\/International\/wp-content\/uploads\/sites\/23\/2022\/01\/dart-a-Casablanca-300x153-1.jpg\" class=\"attachment-medium size-medium wp-post-image\" alt=\"\" srcset=\"https:\/\/linitiative.ca\/International\/wp-content\/uploads\/sites\/23\/2022\/01\/dart-a-Casablanca-300x153-1.jpg 300w, https:\/\/aujourdhui.ma\/wp-content\/uploads\/2022\/01\/dart-a-Casablanca-274x140.jpg 274w, https:\/\/aujourdhui.ma\/wp-content\/uploads\/2022\/01\/dart-a-Casablanca-746x380.jpg 746w, https:\/\/aujourdhui.ma\/wp-content\/uploads\/2022\/01\/dart-a-Casablanca-165x84.jpg 165w, https:\/\/aujourdhui.ma\/wp-content\/uploads\/2022\/01\/dart-a-Casablanca-702x358.jpg 702w, https:\/\/aujourdhui.ma\/wp-content\/uploads\/2022\/01\/dart-a-Casablanca.jpg 747w\" sizes=\"auto, (max-width: 300px) 100vw, 300px\"><\/p>\n<p><span style=\"color: #800000; font-size: 18px;\"><strong>Patrimoine \u00e9thnique et culturel<\/strong><\/span><span id=\"more-397127\"><\/span><\/p>\n<p><strong>L\u2019exposition vente aux ench\u00e8res se tiendra, pendant 4 semaines \u00e0 Casablanca. D\u00e9clar\u00e9e ouverte le 15 janvier prochain, elle permettra de valoriser des oeuvres, principalement, s\u00e9lectionn\u00e9es des r\u00e9gions de la vall\u00e9e du Souss et saharienne. Le professeur historien de l\u2019art est connu pour ses expositions au Maroc mais aussi en dehors, notamment, \u00e0 travers son exposition Africa, the Art of a Continent \u00e0 la Royal Academy of Arts \u00e0 Londres, en 1995, d\u00e9j\u00e0. Pour des raisons li\u00e9es \u00e0 la pand\u00e9mie et au respect des mesures sanitaires, la vente aux ench\u00e8res aura lieu \u00e0 huit clos le 19 f\u00e9vrier prochain. Retour sur une s\u00e9rie limit\u00e9e d\u2019oeuvres rappelant des traditions bien ancr\u00e9es.<\/strong><\/p>\n<p>L\u2019exposition de la vente aux ench\u00e8res des oeuvres provenant de la collection du professeur, historien de l\u2019art, Bert Flint aura lieu le 15 janvier prochain. Fascin\u00e9 par le Maroc et son riche patrimoine ethnique et culturel depuis plus de 50 ans, l\u2019homme d\u00e9fend la diversit\u00e9 des identit\u00e9s culturelles du Royaume. Pour cette fois-ci, il a r\u00e9uni une collection comprenant des instruments de musique, des costumes, des bijoux, des meubles, des tapis, des ustensiles et artisanat d\u2019art berb\u00e8re qui proviennent, principalement, de la vall\u00e9e du Souss et de la r\u00e9gion saharienne. A travers cette exposition, Bert Flint r\u00e9invite les traditions berb\u00e8res qui se sont impos\u00e9es de l\u2019Atlas \u00e0 l\u2019Anti-Atlas et du Sahara au Sahel. Il entend r\u00e9v\u00e9ler au grand jour les pratiques culturelles t\u00e9moignant d\u2019un socle culturel commun. \u00abLe Maroc est intimement li\u00e9, depuis la pr\u00e9histoire, au monde subsaharien\u00bb, affirme le m\u00e9c\u00e8ne.<\/p>\n<p>Pour rappel, Bert Flint a enrichi plusieurs collections et mus\u00e9es de ses oeuvres et de ses recherches dont le Mus\u00e9e Yves Saint Laurent Marrakech, le Mus\u00e9e Municipal du Patrimoine Amazigh d\u2019Agadir et le mus\u00e9e Tiskiwin. Tout le long de sa carri\u00e8re, il a particip\u00e9 \u00e0 de nombreuses expositions et conf\u00e9rences dans des mus\u00e9es et universit\u00e9s en Europe et en Am\u00e9rique. A titre d\u2019exemple, en 1995, il a particip\u00e9 \u00e0 l\u2019exposition Africa, the Art of a Continent \u00e0 la Royal Academy of Arts \u00e0 Londres. Sa maison de vente, \u00e0 travers, cette collection recevra un vif succ\u00e8s lors de son passage, aussi, au mus\u00e9e Yves Saint Laurent.<\/p>\n<p>A Casablanca, l\u2019exposition ouvrira ses portes le 15 janvier avec des horaires fix\u00e9s, rendant les visites possibles pendant 4 semaines. Quant \u00e0 la vente aux ench\u00e8res, elle se tiendra le 19 f\u00e9vrier \u00e0 17 heures. L\u2019exposition comprendra entre autre, un manuscrit marocain du XIII\u00e8me si\u00e8cle, des ceintures en soie et fil d\u2019or du XVIII\u00e8me, un ensemble en terre cuite des r\u00e9gions du sud\u2026 Le professeur d\u2019histoire de l\u2019art a retenu, aussi, dans sa panoplie d\u2019oeuvres certaines issues de ses exp\u00e9ditions dans les pays du Sahel (Mali, Burkina Faso, Niger). De cette mani\u00e8re, le m\u00e9c\u00e8ne compte faire voyager ses adeptes au-del\u00e0 des fronti\u00e8res du Maroc pour d\u00e9couvrir d\u2019autres traditions et coutumes. \u00abLa majorit\u00e9 des lots propos\u00e9s lors de cette vacation ont permis de faire avancer les \u00e9tudes relatives au patrimoine marocain et ont fait l\u2019objet de diverses publications r\u00e9alis\u00e9es par M. Bert Flint\u00bb, rappelle l\u2019organisateur.<\/p>\n<p>Par ailleurs et en raison de la pand\u00e9mie Covid19, la vente aux ench\u00e8res se d\u00e9roulera \u00e0 huis clos. Les amateurs d\u2019art pourront, ainsi, acqu\u00e9rir des oeuvres rappelant l\u2019identit\u00e9 culturelle du pays.<\/p>\n<\/div>\n<p>Auteur: Dounia Essabban<br \/>\n<a href=\"https:\/\/aujourdhui.ma\/culture\/le-mecene-bert-flint-expose-ses-oeuvres-dart-a-casablanca\">Cliquez ici pour lire l&rsquo;article depuis sa source.<\/a><\/p>\n","protected":false},"excerpt":{"rendered":"<p>Patrimoine \u00e9thnique et culturel L\u2019exposition vente aux ench\u00e8res se tiendra, pendant 4 semaines \u00e0 Casablanca. D\u00e9clar\u00e9e ouverte le 15 janvier prochain, elle permettra de valoriser des oeuvres, principalement, s\u00e9lectionn\u00e9es des r\u00e9gions de la vall\u00e9e du Souss et saharienne. Le professeur historien de l\u2019art est connu pour ses expositions au Maroc mais aussi en dehors, notamment, [&hellip;]<\/p>\n","protected":false},"author":1759,"featured_media":0,"comment_status":"closed","ping_status":"closed","sticky":false,"template":"","format":"standard","meta":{"fifu_image_url":"https:\/\/aujourdhui.ma\/wp-content\/uploads\/2022\/01\/dart-a-Casablanca-300x153.jpg","fifu_image_alt":"Le m\u00e9c\u00e8ne Bert Flint expose ses oeuvres d\u2019art \u00e0 Casablanca","footnotes":""},"categories":[73,54],"tags":[],"class_list":["post-138204","post","type-post","status-publish","format-standard","hentry","category-actualite","category-maroc"],"_links":{"self":[{"href":"https:\/\/linitiative.ca\/International\/wp-json\/wp\/v2\/posts\/138204","targetHints":{"allow":["GET"]}}],"collection":[{"href":"https:\/\/linitiative.ca\/International\/wp-json\/wp\/v2\/posts"}],"about":[{"href":"https:\/\/linitiative.ca\/International\/wp-json\/wp\/v2\/types\/post"}],"author":[{"embeddable":true,"href":"https:\/\/linitiative.ca\/International\/wp-json\/wp\/v2\/users\/1759"}],"replies":[{"embeddable":true,"href":"https:\/\/linitiative.ca\/International\/wp-json\/wp\/v2\/comments?post=138204"}],"version-history":[{"count":0,"href":"https:\/\/linitiative.ca\/International\/wp-json\/wp\/v2\/posts\/138204\/revisions"}],"wp:attachment":[{"href":"https:\/\/linitiative.ca\/International\/wp-json\/wp\/v2\/media?parent=138204"}],"wp:term":[{"taxonomy":"category","embeddable":true,"href":"https:\/\/linitiative.ca\/International\/wp-json\/wp\/v2\/categories?post=138204"},{"taxonomy":"post_tag","embeddable":true,"href":"https:\/\/linitiative.ca\/International\/wp-json\/wp\/v2\/tags?post=138204"}],"curies":[{"name":"wp","href":"https:\/\/api.w.org\/{rel}","templated":true}]}}