{"id":138220,"date":"2022-01-10T13:00:00","date_gmt":"2022-01-10T18:00:00","guid":{"rendered":"https:\/\/linitiative.ca\/International\/la-loi-19-12-sur-les-travailleurs-domestiques-en-debat\/"},"modified":"2022-01-10T13:00:00","modified_gmt":"2022-01-10T18:00:00","slug":"la-loi-19-12-sur-les-travailleurs-domestiques-en-debat","status":"publish","type":"post","link":"https:\/\/linitiative.ca\/International\/la-loi-19-12-sur-les-travailleurs-domestiques-en-debat\/","title":{"rendered":"La loi 19.12 sur les travailleurs domestiques en d\u00e9bat"},"content":{"rendered":"<div>\n<p class=\"has-text-align-center has-vivid-red-color has-text-color\"><strong>\u00a0Initi\u00e9e par l\u2019Association \u00ab\u00a0Espace du d\u00e9veloppement durable\u00a0\u00bb<\/strong><\/p>\n<p class=\"has-black-color has-text-color\"><strong>Une rencontre r\u00e9gionale sur la promotion et l\u2019am\u00e9lioration des modalit\u00e9s de mise en \u0153uvre des dispositions de la loi 19.12 fixant les conditions de travail et d\u2019emploi des travailleuses et travailleurs domestiques a \u00e9t\u00e9 organis\u00e9e, samedi \u00e0 F\u00e8s.<\/strong><\/p>\n<p class=\"has-black-color has-text-color\">Initi\u00e9e par l\u2019Association \u00ab\u00a0Espace du d\u00e9veloppement durable\u00a0\u00bb en partenariat avec l\u2019Association Migration et Solidarit\u00e9 pour le d\u00e9veloppement, cette rencontre vient cl\u00f4turer la deuxi\u00e8me phase du projet \u00ab\u00a0Pour am\u00e9liorer les conditions de travail des travailleurs domestiques et pr\u00e9server leurs droits\u00a0\u00bb.<\/p>\n<p class=\"has-black-color has-text-color\">Les participants \u00e0 cette rencontre ont \u00e9t\u00e9 unanimes \u00e0 souligner la n\u00e9cessit\u00e9 d\u2019\u0153uvrer pour la mise en application de cette loi et l\u2019am\u00e9lioration des conditions de travail des ces travailleurs domestiques, appelant la soci\u00e9t\u00e9 civile et les m\u00e9dias \u00e0 la multiplication des efforts pour sensibiliser l\u2019ensemble des acteurs \u00e0 l\u2019importance de la loi 19.12. Intervenant \u00e0 cette occasion, Abderrahman Skalli El Hoceini, inspecteur de travail de premier degr\u00e9s \u00e0 F\u00e8s a indiqu\u00e9 que trois d\u00e9crets rev\u00eatant la m\u00eame importance que la loi 19.12 ont \u00e9t\u00e9 promulgu\u00e9s pour faciliter la mise en \u0153uvre de ladite loi, faisant savoir que plus de 100 contrats ont \u00e9t\u00e9 enregistr\u00e9s au niveau local depuis sa promulgation et aucune plainte n\u2019a \u00e9t\u00e9 d\u00e9pos\u00e9e.<\/p>\n<p class=\"has-black-color has-text-color\">De son c\u00f4t\u00e9, le directeur r\u00e9gional de l\u2019Agence Nationale de promotion de l\u2019emploi et des comp\u00e9tences (ANAPEC), Mohamed Ch\u2019hiba a mis l\u2019accent sur l\u2019importance des prestations d\u2019orientation et d\u2019information, propos\u00e9es gracieusement par l\u2019Agence aux travailleurs et travailleuses domestiques, ajoutant que des ateliers d\u2019encadrement de cette cat\u00e9gorie d\u2019employ\u00e9s pourraient \u00eatre programm\u00e9s au niveau de F\u00e8s-Mekn\u00e8s.<\/p>\n<p class=\"has-black-color has-text-color\">La pr\u00e9sidente de l&rsquo;\u00a0\u00bbEspace du d\u00e9veloppement durable\u00a0\u00bb, Halima Zoumi a indiqu\u00e9 que cette rencontre de plaidoyer constitue une \u00e9tape cruciale pour les diff\u00e9rents acteurs pour \u00e9changer dans la perspective d\u2019\u00e9laborer un m\u00e9morandum de plaidoyer dans le but de renforcer les recommandations et les conclusions formul\u00e9es au terme des premi\u00e8re et deuxi\u00e8me phase du projet. La deuxi\u00e8me phase du projet \u00ab\u00a0Pour am\u00e9liorer les conditions de travail des travailleurs domestiques et pr\u00e9server leurs droits\u00a0\u00bb a permis, selon Mme Zoumi, l\u2019organisation de six sessions de formation sur la loi 19.12 ainsi que dix rencontres de communication sur le m\u00eame sujet au niveau \u00e0 F\u00e8s et sa r\u00e9gion.<\/p>\n<p>L\u2019article <a rel=\"nofollow\" href=\"http:\/\/albayane.press.ma\/la-loi-19-12-sur-les-travailleurs-domestiques-en-debat.html\">La loi 19.12 sur les travailleurs domestiques en d\u00e9bat<\/a> est apparu en premier sur <a rel=\"nofollow\" href=\"http:\/\/albayane.press.ma\/\">ALBAYANE<\/a>.<\/p>\n<\/div>\n<p>Auteur: M&rsquo;hammed rahal<br \/>\n<a href=\"http:\/\/albayane.press.ma\/la-loi-19-12-sur-les-travailleurs-domestiques-en-debat.html\">Cliquez ici pour lire l&rsquo;article depuis sa source.<\/a><\/p>\n","protected":false},"excerpt":{"rendered":"<p>\u00a0Initi\u00e9e par l\u2019Association \u00ab\u00a0Espace du d\u00e9veloppement durable\u00a0\u00bb Une rencontre r\u00e9gionale sur la promotion et l\u2019am\u00e9lioration des modalit\u00e9s de mise en \u0153uvre des dispositions de la loi 19.12 fixant les conditions de travail et d\u2019emploi des travailleuses et travailleurs domestiques a \u00e9t\u00e9 organis\u00e9e, samedi \u00e0 F\u00e8s. Initi\u00e9e par l\u2019Association \u00ab\u00a0Espace du d\u00e9veloppement durable\u00a0\u00bb en partenariat avec [&hellip;]<\/p>\n","protected":false},"author":1760,"featured_media":0,"comment_status":"closed","ping_status":"closed","sticky":false,"template":"","format":"standard","meta":{"fifu_image_url":"","fifu_image_alt":"","footnotes":""},"categories":[73,54],"tags":[],"class_list":["post-138220","post","type-post","status-publish","format-standard","hentry","category-actualite","category-maroc"],"_links":{"self":[{"href":"https:\/\/linitiative.ca\/International\/wp-json\/wp\/v2\/posts\/138220","targetHints":{"allow":["GET"]}}],"collection":[{"href":"https:\/\/linitiative.ca\/International\/wp-json\/wp\/v2\/posts"}],"about":[{"href":"https:\/\/linitiative.ca\/International\/wp-json\/wp\/v2\/types\/post"}],"author":[{"embeddable":true,"href":"https:\/\/linitiative.ca\/International\/wp-json\/wp\/v2\/users\/1760"}],"replies":[{"embeddable":true,"href":"https:\/\/linitiative.ca\/International\/wp-json\/wp\/v2\/comments?post=138220"}],"version-history":[{"count":0,"href":"https:\/\/linitiative.ca\/International\/wp-json\/wp\/v2\/posts\/138220\/revisions"}],"wp:attachment":[{"href":"https:\/\/linitiative.ca\/International\/wp-json\/wp\/v2\/media?parent=138220"}],"wp:term":[{"taxonomy":"category","embeddable":true,"href":"https:\/\/linitiative.ca\/International\/wp-json\/wp\/v2\/categories?post=138220"},{"taxonomy":"post_tag","embeddable":true,"href":"https:\/\/linitiative.ca\/International\/wp-json\/wp\/v2\/tags?post=138220"}],"curies":[{"name":"wp","href":"https:\/\/api.w.org\/{rel}","templated":true}]}}