{"id":138223,"date":"2022-01-10T13:00:00","date_gmt":"2022-01-10T18:00:00","guid":{"rendered":"https:\/\/linitiative.ca\/International\/le-grand-theatre-dagadir-un-joyau-raffine\/"},"modified":"2022-01-10T13:00:00","modified_gmt":"2022-01-10T18:00:00","slug":"le-grand-theatre-dagadir-un-joyau-raffine","status":"publish","type":"post","link":"https:\/\/linitiative.ca\/International\/le-grand-theatre-dagadir-un-joyau-raffine\/","title":{"rendered":"Le Grand Th\u00e9\u00e2tre d\u2019Agadir, un joyau raffin\u00e9"},"content":{"rendered":"<div>\n<p class=\"has-black-color has-text-color\">La fondation d\u2019un th\u00e9\u00e2tre au standing universel tel que reconnu dans le registre technique des spectacles fut souvent le grand r\u00eave de la capitale du Souss, depuis des lustres. Certes, tout au long de la p\u00e9riode de reconstruction entam\u00e9e, tambours battants, au lendemain du s\u00e9isme de 1960, la succession des d\u00e9cideurs, tant administratifs qu\u2019\u00e9lus, aura mont\u00e9 des structures d\u00e9di\u00e9es \u00e0 la culture et l\u2019art. On peut en citer le th\u00e9\u00e2tre de verdure, les complexes culturels, les maisons de quartiers, les galeries d\u2019expos, les mus\u00e9es de patrimoine, les centres socioculturels\u2026 Mais, jamais on n\u2019a pens\u00e9 \u00e0 doter la cit\u00e9 en gestation, quoique fort r\u00e9put\u00e9e \u00eatre un vivier des Arts et de la Culture de haute facture, notamment au niveau th\u00e9\u00e2tral, qui constituait un fleuron national de salle de spectacle digne de ce nom, \u00e0 l\u2019instar des grands \u00e9difices fond\u00e9s aux m\u00e9tropoles du pays. Tous les partisans du spectacle raffin\u00e9,\u00a0 n\u00e9cessitant un dispositif technique sp\u00e9cifique aux prestations particuli\u00e8res ont cri\u00e9 haut et fort, durant une \u00e9ternit\u00e9, pour amener les responsables \u00e0 combler ce manque criard, en vain. Aujourd\u2019hui, dans le cadre du Plan de D\u00e9veloppement Urbain, ce v\u0153u tant attendu sera exauc\u00e9 au grand bonheur des adeptes du spectacle recherch\u00e9. Il a fallu plus de quatre d\u00e9cennies pour s\u2019en rendre compte, alors que des g\u00e9n\u00e9rations d\u2019artistes avaient pein\u00e9 pour pouvoir pr\u00e9senter leur chef-d\u2019\u0153uvre dans les conditions d\u2019acoustique et de convenance au summum. Mieux vaut tard que jamais, dirait l\u2019autre. On saluera au passage ce rattrapage tardif, il est vrai, mais combien judicieux pour redorer le blason d\u2019un cite en pleine \u00e9closion\u00a0! C\u2019est la soci\u00e9t\u00e9 Al Omrane, en tant que ma\u00eetre d\u2019ouvrage d\u00e9l\u00e9gu\u00e9, qui se charge de r\u00e9aliser ce projet de taille pour un montage financier de 250 millions de dirhams (et non pas de 2,5 MM dhs tel que \u00a0malencontreusement, fut gliss\u00e9 lors de la pr\u00e9c\u00e9dente livraison et dont on est tenu de s\u2019en excuser aupr\u00e8s de nos lecteurs). Les initiateurs des projets culturels n\u2019ont pas manqu\u00e9 \u00e0 donner \u00e0 ce p\u00f4le cr\u00e9atif, l\u2019\u00e9cornure convoit\u00e9e par les femmes et les hommes de l\u2019art et la culture, mais aussi les r\u00e9sidents de la ville et leurs visiteurs. Ce joyau culturel sera \u00e9difi\u00e9 sur un terrain domanial mitoyen de son alter ego, le th\u00e9\u00e2tre commun\u00e9ment appel\u00e9 \u00ab\u00a0de verdure\u00a0\u00bb qui sera soumis \u00e0 des r\u00e9fections, apr\u00e8s avoir \u00e9t\u00e9 un mastodonte sans vie, car abandonn\u00e9 \u00e0 son sort, depuis sa cr\u00e9ation dans les ann\u00e9es 80 du si\u00e8cle \u00e9coul\u00e9. Initialement pr\u00e9vu dans la zone Founty, mais dit-on, pour des entraves urbanistiques, le projet a chang\u00e9 de placement initialement signal\u00e9.<\/p>\n<p class=\"has-black-color has-text-color\">Le ma\u00eetre d\u2019ouvrage du projet n\u2019est autre que le minist\u00e8re de la Culture, par le biais de sa direction r\u00e9gionale. Outre la contribution du d\u00e9partement minist\u00e9riel, le conseil r\u00e9gional et la commune d\u2019Agadir mettent la main poche, sans parler aussi de l\u2019apport du promoteur immobilier national qui assure, en fait, la d\u00e9l\u00e9gation de ma\u00eetre d\u2019ouvrage. Voil\u00e0 donc qui r\u00e9chauffe le c\u0153ur de la population d\u2019une m\u00e9tropole naissante \u00e0 tous les niveaux\u00a0! L\u2019axe de l\u2019art et de la culture aura occup\u00e9 une place de choix dans cette belle envol\u00e9e, avec un rehaussement certain par l\u2019\u00e9dification de ce bijou th\u00e9\u00e2tral.<\/p>\n<p>L\u2019article <a rel=\"nofollow\" href=\"http:\/\/albayane.press.ma\/le-grand-theatre-dagadir-un-joyau-raffine.html\">Le Grand Th\u00e9\u00e2tre d\u2019Agadir, un joyau raffin\u00e9<\/a> est apparu en premier sur <a rel=\"nofollow\" href=\"http:\/\/albayane.press.ma\/\">ALBAYANE<\/a>.<\/p>\n<\/div>\n<p>Auteur: M&rsquo;hammed rahal<br \/>\n<a href=\"http:\/\/albayane.press.ma\/le-grand-theatre-dagadir-un-joyau-raffine.html\">Cliquez ici pour lire l&rsquo;article depuis sa source.<\/a><\/p>\n","protected":false},"excerpt":{"rendered":"<p>La fondation d\u2019un th\u00e9\u00e2tre au standing universel tel que reconnu dans le registre technique des spectacles fut souvent le grand r\u00eave de la capitale du Souss, depuis des lustres. Certes, tout au long de la p\u00e9riode de reconstruction entam\u00e9e, tambours battants, au lendemain du s\u00e9isme de 1960, la succession des d\u00e9cideurs, tant administratifs qu\u2019\u00e9lus, aura [&hellip;]<\/p>\n","protected":false},"author":1760,"featured_media":0,"comment_status":"closed","ping_status":"closed","sticky":false,"template":"","format":"standard","meta":{"fifu_image_url":"","fifu_image_alt":"","footnotes":""},"categories":[73,54],"tags":[],"class_list":["post-138223","post","type-post","status-publish","format-standard","hentry","category-actualite","category-maroc"],"_links":{"self":[{"href":"https:\/\/linitiative.ca\/International\/wp-json\/wp\/v2\/posts\/138223","targetHints":{"allow":["GET"]}}],"collection":[{"href":"https:\/\/linitiative.ca\/International\/wp-json\/wp\/v2\/posts"}],"about":[{"href":"https:\/\/linitiative.ca\/International\/wp-json\/wp\/v2\/types\/post"}],"author":[{"embeddable":true,"href":"https:\/\/linitiative.ca\/International\/wp-json\/wp\/v2\/users\/1760"}],"replies":[{"embeddable":true,"href":"https:\/\/linitiative.ca\/International\/wp-json\/wp\/v2\/comments?post=138223"}],"version-history":[{"count":0,"href":"https:\/\/linitiative.ca\/International\/wp-json\/wp\/v2\/posts\/138223\/revisions"}],"wp:attachment":[{"href":"https:\/\/linitiative.ca\/International\/wp-json\/wp\/v2\/media?parent=138223"}],"wp:term":[{"taxonomy":"category","embeddable":true,"href":"https:\/\/linitiative.ca\/International\/wp-json\/wp\/v2\/categories?post=138223"},{"taxonomy":"post_tag","embeddable":true,"href":"https:\/\/linitiative.ca\/International\/wp-json\/wp\/v2\/tags?post=138223"}],"curies":[{"name":"wp","href":"https:\/\/api.w.org\/{rel}","templated":true}]}}