{"id":138224,"date":"2022-01-10T13:00:00","date_gmt":"2022-01-10T18:00:00","guid":{"rendered":"https:\/\/linitiative.ca\/International\/un-inalterable-symbole-dans-lhistoire-du-royaume\/"},"modified":"2022-01-10T13:00:00","modified_gmt":"2022-01-10T18:00:00","slug":"un-inalterable-symbole-dans-lhistoire-du-royaume","status":"publish","type":"post","link":"https:\/\/linitiative.ca\/International\/un-inalterable-symbole-dans-lhistoire-du-royaume\/","title":{"rendered":"Un inalt\u00e9rable symbole dans l\u2019histoire du Royaume"},"content":{"rendered":"<div>\n<p class=\"has-text-align-center has-vivid-red-color has-text-color\"><strong>78 anniversaire de la pr\u00e9sentation du Manifeste de l\u2019ind\u00e9pendance<\/strong><\/p>\n<p class=\"has-black-color has-text-color\"><strong>Le 78\u00e8me anniversaire de la pr\u00e9sentation du Manifeste de l\u2019ind\u00e9pendance, le 11 janvier 1944, c\u00e9l\u00e9br\u00e9e mardi au Maroc, constitue un \u00e9v\u00e9nement historique qui restera \u00e0 jamais grav\u00e9 dans la m\u00e9moire collective du peuple marocain, de par son importance sur la voie de la lutte pour l\u2019ind\u00e9pendance et la libert\u00e9.<\/strong><\/p>\n<p class=\"has-black-color has-text-color\">Cet \u00e9pisode glorieux de la lib\u00e9ration nationale est un moment charni\u00e8re de la lutte pour la libert\u00e9 ayant d\u00e9clench\u00e9 la phase de revendication publique de l\u2019ind\u00e9pendance et de la souverainet\u00e9 nationale.<br \/>Aboutissement de plusieurs \u00e9v\u00e8nements nationaux et internationaux et des ann\u00e9es de r\u00e9sistance arm\u00e9e et politique, ce document remarquable, fruit d\u2019un pacte entre le Sultan feu Mohammed V et les leaders de la r\u00e9sistance, repr\u00e9sente une \u00e9tape phare dans la trajectoire de la lutte nationale.<\/p>\n<p class=\"has-black-color has-text-color\">En effet, l\u2019histoire de la lutte nationale pour l\u2019ind\u00e9pendance est parsem\u00e9e de moments d\u00e9cisifs, \u00e0 l\u2019image du soul\u00e8vement contre le \u00ab\u00a0Dahir berb\u00e8re\u00a0\u00bb de 1930 et de la pr\u00e9sentation par le comit\u00e9 d\u2019action marocain, noyau du mouvement national, d\u2019un plan de r\u00e9formes au gouvernement fran\u00e7ais en 1934 et en 1936.<br \/>Le contexte international \u00e9tait, lui, marqu\u00e9 par le d\u00e9clenchement de la seconde guerre mondiale et l\u2019\u00e9mergence d\u2019appels \u00e0 la d\u00e9colonisation avec la publication de la Charte de l\u2019Atlantique de 1941, un document regroupant une s\u00e9rie de principes devant servir au maintien de la paix et de la s\u00e9curit\u00e9 internationales.<\/p>\n<p class=\"has-black-color has-text-color\">La rencontre en 1943, entre le Sultan feu Mohammed V et le pr\u00e9sident am\u00e9ricain \u00e0 l\u2019\u00e9poque, Franklin D. Roosevelt, en marge de la conf\u00e9rence d\u2019Anfa \u00e0 Casablanca, qui r\u00e9unissait les leaders du camp des alli\u00e9s durant la deuxi\u00e8me guerre mondiale, a dot\u00e9 le mouvement national d\u2019une assurance in\u00e9branlable, r\u00e9alisant, \u00e0 ce moment, que le Maroc a gagn\u00e9 un alli\u00e9 majeur pour l\u2019ind\u00e9pendance.<\/p>\n<p class=\"has-black-color has-text-color\">C\u2019est dans ces circonstances que 67 figures de proue de la r\u00e9sistance marocaine, dont une femme ont sign\u00e9 ce manifeste, en concertation avec le Sultan feu Mohammed V, r\u00e9clamant l\u2019ind\u00e9pendance du Maroc. Le document a \u00e9t\u00e9 pr\u00e9sent\u00e9 par la suite aux autorit\u00e9s coloniales et aux repr\u00e9sentations des trois puissances (\u00c9tats-Unis, Grande-Bretagne et Ex-Union sovi\u00e9tique).<\/p>\n<p class=\"has-black-color has-text-color\">Ce document in\u00e9dit, qui s\u2019ouvre par un pr\u00e9ambule d\u2019arguments, \u00e9tale les revendications du mouvement national, appelant \u00e0 l\u2019unit\u00e9 et l\u2019ind\u00e9pendance du Maroc et \u00e0 des n\u00e9gociations avec les pays concern\u00e9s et sollicitant, outre l\u2019adh\u00e9sion du Maroc \u00e0 la Charte de l\u2019Atlantique et sa participation \u00e0 la Conf\u00e9rence de la paix.<br \/>Cette action courageuse a port\u00e9 un coup de massue \u00e0 la politique d\u2019occupation franco-espagnole, surtout que ce document est venu en association avec une s\u00e9rie d\u2019importantes positions qui ont montr\u00e9 une forte coh\u00e9sion entre le peuple et le Tr\u00f4ne.<\/p>\n<p class=\"has-black-color has-text-color\">La c\u00e9l\u00e9bration de cet \u00e9v\u00e9nement historique est l\u2019occasion de rappeler aux jeunes g\u00e9n\u00e9rations, pr\u00e8s de huit d\u00e9cennies apr\u00e8s, les \u00e9tapes par lesquelles est pass\u00e9 le processus d\u2019ind\u00e9pendance de leur pays, mais surtout de mettre en avant les sacrifices des hommes et femmes du mouvement de la r\u00e9sistance nationale pour la lib\u00e9ration de la patrie.<br \/>La comm\u00e9moration de cet \u00e9v\u00e9nement symbolise l\u2019attachement des Marocains \u00e0 leur histoire de lib\u00e9ration et une reconnaissance des \u00e9normes sacrifices consentis par le glorieux Tr\u00f4ne Alaouite et le peuple marocain qui ont r\u00e9ussi \u00e0 ployer les ambitions perfides du colonisateur dans l\u2019ultime but de recouvrer l\u2019ind\u00e9pendance.<\/p>\n<p>L\u2019article <a rel=\"nofollow\" href=\"http:\/\/albayane.press.ma\/un-inalterable-symbole-dans-lhistoire-du-royaume.html\">Un inalt\u00e9rable symbole dans l\u2019histoire du Royaume<\/a> est apparu en premier sur <a rel=\"nofollow\" href=\"http:\/\/albayane.press.ma\/\">ALBAYANE<\/a>.<\/p>\n<\/div>\n<p>Auteur: M&rsquo;hammed rahal<br \/>\n<a href=\"http:\/\/albayane.press.ma\/un-inalterable-symbole-dans-lhistoire-du-royaume.html\">Cliquez ici pour lire l&rsquo;article depuis sa source.<\/a><\/p>\n","protected":false},"excerpt":{"rendered":"<p>78 anniversaire de la pr\u00e9sentation du Manifeste de l\u2019ind\u00e9pendance Le 78\u00e8me anniversaire de la pr\u00e9sentation du Manifeste de l\u2019ind\u00e9pendance, le 11 janvier 1944, c\u00e9l\u00e9br\u00e9e mardi au Maroc, constitue un \u00e9v\u00e9nement historique qui restera \u00e0 jamais grav\u00e9 dans la m\u00e9moire collective du peuple marocain, de par son importance sur la voie de la lutte pour l\u2019ind\u00e9pendance [&hellip;]<\/p>\n","protected":false},"author":1760,"featured_media":0,"comment_status":"closed","ping_status":"closed","sticky":false,"template":"","format":"standard","meta":{"fifu_image_url":"","fifu_image_alt":"","footnotes":""},"categories":[73,54],"tags":[],"class_list":["post-138224","post","type-post","status-publish","format-standard","hentry","category-actualite","category-maroc"],"_links":{"self":[{"href":"https:\/\/linitiative.ca\/International\/wp-json\/wp\/v2\/posts\/138224","targetHints":{"allow":["GET"]}}],"collection":[{"href":"https:\/\/linitiative.ca\/International\/wp-json\/wp\/v2\/posts"}],"about":[{"href":"https:\/\/linitiative.ca\/International\/wp-json\/wp\/v2\/types\/post"}],"author":[{"embeddable":true,"href":"https:\/\/linitiative.ca\/International\/wp-json\/wp\/v2\/users\/1760"}],"replies":[{"embeddable":true,"href":"https:\/\/linitiative.ca\/International\/wp-json\/wp\/v2\/comments?post=138224"}],"version-history":[{"count":0,"href":"https:\/\/linitiative.ca\/International\/wp-json\/wp\/v2\/posts\/138224\/revisions"}],"wp:attachment":[{"href":"https:\/\/linitiative.ca\/International\/wp-json\/wp\/v2\/media?parent=138224"}],"wp:term":[{"taxonomy":"category","embeddable":true,"href":"https:\/\/linitiative.ca\/International\/wp-json\/wp\/v2\/categories?post=138224"},{"taxonomy":"post_tag","embeddable":true,"href":"https:\/\/linitiative.ca\/International\/wp-json\/wp\/v2\/tags?post=138224"}],"curies":[{"name":"wp","href":"https:\/\/api.w.org\/{rel}","templated":true}]}}