{"id":138227,"date":"2022-01-11T07:30:13","date_gmt":"2022-01-11T12:30:13","guid":{"rendered":"https:\/\/linitiative.ca\/International\/previsions-meteorologiques-pour-le-mercredi-12-janvier-2022\/"},"modified":"2022-01-11T07:30:13","modified_gmt":"2022-01-11T12:30:13","slug":"previsions-meteorologiques-pour-le-mercredi-12-janvier-2022","status":"publish","type":"post","link":"https:\/\/linitiative.ca\/International\/previsions-meteorologiques-pour-le-mercredi-12-janvier-2022\/","title":{"rendered":"Pr\u00e9visions m\u00e9t\u00e9orologiques pour le mercredi 12 janvier 2022"},"content":{"rendered":"<div>\n<div style=\"margin-bottom:20px;\"><img loading=\"lazy\" decoding=\"async\" width=\"750\" height=\"430\" src=\"https:\/\/linitiative.ca\/International\/wp-content\/uploads\/sites\/23\/2022\/01\/soleil_mC3A9tC3A9o-3-1.jpg\" class=\"attachment-post-thumbnail size-post-thumbnail wp-post-image\" alt=\"\" srcset=\"https:\/\/linitiative.ca\/International\/wp-content\/uploads\/sites\/23\/2022\/01\/soleil_mC3A9tC3A9o-3-1.jpg 750w, https:\/\/www.mapmarrakech.ma\/map\/uploads\/2021\/11\/soleil_m\u00e9t\u00e9o-3-1-300x172.jpg 300w\" sizes=\"auto, (max-width: 750px) 100vw, 750px\"><\/div>\n<p>\u2013 Temps assez froid sur l\u2019Atlas, le Rif, le Sud-Est et l\u2019Oriental avec de la gel\u00e9e locale.<\/p>\n<p>\u2013 Formations brumeuses matinales et nocturnes par endroits sur les plaines atlantiques.<\/p>\n<p>\u2013 Vent fort d\u2019est sur le Tang\u00e9rois.<\/p>\n<p>\u2013 Temp\u00e9ratures minimales de l\u2019ordre de -04\/02\u00b0C sur l\u2019Atlas, de 00\/05\u00b0C sur le Rif, l\u2019Oriental, les plateaux de Phosphates et le Saiss, de 07\/14\u00b0C sur les c\u00f4tes atlantiques et le Souss et de 05\/10\u00b0C partout ailleurs.<\/p>\n<p>\u2013 Temp\u00e9ratures du jour en baisse sur l\u2019Oriental et le Sud-Est et en l\u00e9g\u00e8re hausse ailleurs.<\/p>\n<p>\u2013 Mer agit\u00e9e \u00e0 forte en m\u00e9diterran\u00e9e, sur le d\u00e9troit et au nord de Tarfaya et peu agit\u00e9e \u00e0 agit\u00e9e au sud.<\/p>\n<p>The post <a rel=\"nofollow\" href=\"https:\/\/www.mapmarrakech.ma\/fr\/previsions-meteorologiques-pour-le-mercredi-12-janvier-2022\/\">Pr\u00e9visions m\u00e9t\u00e9orologiques pour le mercredi 12 janvier 2022<\/a> appeared first on <a rel=\"nofollow\" href=\"https:\/\/www.mapmarrakech.ma\/fr\">MapMarrakech<\/a>.<\/p>\n<\/div>\n<p>Auteur: Meriem IGASS<br \/>\n<a href=\"https:\/\/www.mapmarrakech.ma\/fr\/previsions-meteorologiques-pour-le-mercredi-12-janvier-2022\/\">Cliquez ici pour lire l&rsquo;article depuis sa source.<\/a><\/p>\n","protected":false},"excerpt":{"rendered":"<p>\u2013 Temps assez froid sur l\u2019Atlas, le Rif, le Sud-Est et l\u2019Oriental avec de la gel\u00e9e locale. \u2013 Formations brumeuses matinales et nocturnes par endroits sur les plaines atlantiques. \u2013 Vent fort d\u2019est sur le Tang\u00e9rois. \u2013 Temp\u00e9ratures minimales de l\u2019ordre de -04\/02\u00b0C sur l\u2019Atlas, de 00\/05\u00b0C sur le Rif, l\u2019Oriental, les plateaux de Phosphates [&hellip;]<\/p>\n","protected":false},"author":1788,"featured_media":0,"comment_status":"closed","ping_status":"closed","sticky":false,"template":"","format":"standard","meta":{"fifu_image_url":"https:\/\/www.mapmarrakech.ma\/map\/uploads\/2021\/11\/soleil_m\u00e9t\u00e9o-3-1.jpg","fifu_image_alt":"Pr\u00e9visions m\u00e9t\u00e9orologiques pour le mercredi 12 janvier 2022","footnotes":""},"categories":[54,76],"tags":[],"class_list":["post-138227","post","type-post","status-publish","format-standard","hentry","category-maroc","category-regions"],"_links":{"self":[{"href":"https:\/\/linitiative.ca\/International\/wp-json\/wp\/v2\/posts\/138227","targetHints":{"allow":["GET"]}}],"collection":[{"href":"https:\/\/linitiative.ca\/International\/wp-json\/wp\/v2\/posts"}],"about":[{"href":"https:\/\/linitiative.ca\/International\/wp-json\/wp\/v2\/types\/post"}],"author":[{"embeddable":true,"href":"https:\/\/linitiative.ca\/International\/wp-json\/wp\/v2\/users\/1788"}],"replies":[{"embeddable":true,"href":"https:\/\/linitiative.ca\/International\/wp-json\/wp\/v2\/comments?post=138227"}],"version-history":[{"count":0,"href":"https:\/\/linitiative.ca\/International\/wp-json\/wp\/v2\/posts\/138227\/revisions"}],"wp:attachment":[{"href":"https:\/\/linitiative.ca\/International\/wp-json\/wp\/v2\/media?parent=138227"}],"wp:term":[{"taxonomy":"category","embeddable":true,"href":"https:\/\/linitiative.ca\/International\/wp-json\/wp\/v2\/categories?post=138227"},{"taxonomy":"post_tag","embeddable":true,"href":"https:\/\/linitiative.ca\/International\/wp-json\/wp\/v2\/tags?post=138227"}],"curies":[{"name":"wp","href":"https:\/\/api.w.org\/{rel}","templated":true}]}}