{"id":138229,"date":"2022-01-11T07:50:45","date_gmt":"2022-01-11T12:50:45","guid":{"rendered":"https:\/\/linitiative.ca\/International\/omicron-mobilisation-du-systeme-educatif-face-a-la-recrudescence-des-cas\/"},"modified":"2022-01-11T07:50:45","modified_gmt":"2022-01-11T12:50:45","slug":"omicron-mobilisation-du-systeme-educatif-face-a-la-recrudescence-des-cas","status":"publish","type":"post","link":"https:\/\/linitiative.ca\/International\/omicron-mobilisation-du-systeme-educatif-face-a-la-recrudescence-des-cas\/","title":{"rendered":"Omicron: Mobilisation du syst\u00e8me \u00e9ducatif face \u00e0 la recrudescence des cas"},"content":{"rendered":"<div>\n<div style=\"margin-bottom:20px;\"><img loading=\"lazy\" decoding=\"async\" width=\"750\" height=\"430\" src=\"https:\/\/linitiative.ca\/International\/wp-content\/uploads\/sites\/23\/2022\/01\/enseignement-mobilisation-omicron-copier.jpg\" class=\"attachment-post-thumbnail size-post-thumbnail wp-post-image\" alt=\"\" srcset=\"https:\/\/linitiative.ca\/International\/wp-content\/uploads\/sites\/23\/2022\/01\/enseignement-mobilisation-omicron-copier.jpg 750w, https:\/\/www.mapmarrakech.ma\/map\/uploads\/2022\/01\/enseignement-mobilisation-omicron-copier-300x172.jpg 300w\" sizes=\"auto, (max-width: 750px) 100vw, 750px\"><\/div>\n<p>Cette mobilisation g\u00e9n\u00e9rale se traduit par le respect strict du protocole sanitaire adopt\u00e9 par les autorit\u00e9s comp\u00e9tentes en vue d\u2019enrayer la propagation de la pand\u00e9mie et de pr\u00e9server la sant\u00e9 des cadres p\u00e9dagogiques et administratifs et des \u00e9l\u00e8ves face \u00e0 ce nouveau variant plus contagieux que les pr\u00e9c\u00e9dents.<\/p>\n<p>A l\u2019int\u00e9rieur du lyc\u00e9e secondaire qualifiant Hassan II \u00e0 Marrakech, o\u00f9 s\u2019est rendue une \u00e9quipe de M24, la chaine t\u00e9l\u00e9vis\u00e9e de l\u2019info en continu de la MAP, des affiches de pr\u00e9vention et d\u2019information ont \u00e9t\u00e9 plac\u00e9es afin de sensibiliser les \u00e9l\u00e8ves aux dangers de cette pand\u00e9mie et les inciter \u00e0 adopter les gestes barri\u00e8res qui s\u2019imposent dans cette conjoncture exceptionnelle, notamment le port obligatoire des masques de protection, le respect de la distanciation sociale, le lavage r\u00e9gulier des mains et la d\u00e9sinfection \u00e0 l\u2019aide de gels hydroalcooliques.<\/p>\n<p>Au rang du dispositif mis en place pour assurer la s\u00e9curit\u00e9 sanitaire des enseignants, des cadres administratifs et des apprenants, figure aussi la mise en place de la signalisation n\u00e9cessaire aussi bien \u00e0 l\u2019int\u00e9rieur qu\u2019\u00e0 l\u2019ext\u00e9rieur des salles de classe, afin d\u2019\u00e9viter toute promiscuit\u00e9 ou rassemblement inutiles et de garantir la fluidit\u00e9 des d\u00e9placements \u00e0 l\u2019int\u00e9rieur de ces espaces d\u2019\u00e9ducation et de formation.<\/p>\n<p>Dans une d\u00e9claration \u00e0 M24, le directeur de l\u2019Acad\u00e9mie r\u00e9gionale d\u2019\u00e9ducation et de formation de Marrakech-Safi (AREF-MS), Moulay Ahmed Karimi, a indiqu\u00e9 que des commissions ad hoc veillent \u00e0 la mise en \u0153uvre scrupuleuse des dispositions de la note minist\u00e9rielle relative \u00e0 la gestion de la pand\u00e9mie de fa\u00e7on \u00e0 garantir la s\u00e9curit\u00e9 sanitaire au sein des \u00e9tablissements scolaires, et ce en coordination avec les autorit\u00e9s locales et sanitaires.<\/p>\n<p>Il s\u2019agit du respect strict des mesures pr\u00e9ventives et l\u2019intervention rapide et directe afin de lutter contre la propagation du nouveau variant Omicron au sein des \u00e9tablissements scolaires, a-t-il expliqu\u00e9.<\/p>\n<p>Dans ce cadre, il a fait savoir que l\u2019AREF-MS, en collaboration avec les autorit\u00e9s territoriales et sanitaires, a proc\u00e9d\u00e9 \u00e0 la fermeture de trois \u00e9tablissements scolaires, qui ont enregistr\u00e9 des cas de la Covid-19 sup\u00e9rieur \u00e0 10, faisant savoir que ces \u00e9tablissements scolaires sont pass\u00e9es \u00e0 un enseignement \u00e0 distance en attendant la d\u00e9cision de leur r\u00e9ouverture conform\u00e9ment au protocole sanitaire d\u00e9cr\u00e9t\u00e9 par les autorit\u00e9s comp\u00e9tentes.<\/p>\n<p>\u00ab\u00a0Les commissions ad hoc proc\u00e8dent aussi au suivi quotidien des statistiques des cas enregistr\u00e9s au niveau des \u00e9tablissements scolaires relevant des diff\u00e9rentes directions provinciales de l\u2019AREF de Marrakech-Safi, ce qui permet la prise de la d\u00e9cision appropri\u00e9e et rapide en fonction de la recrudescence des cas ainsi qu\u2019au suivi et \u00e0 l\u2019accompagnement des cas contact\u00a0\u00bb, a-t-il fait savoir.<\/p>\n<p>Dans ce contexte, M. Karimi a tenu \u00e0 rappeler la n\u00e9cessit\u00e9 de la poursuite de l\u2019adh\u00e9sion aux mesures pr\u00e9ventives \u00e0 travers la vaccination anti-Covid-10 pour les \u00e9l\u00e8ves et les cadres p\u00e9dagogiques et administratifs, en tant que moyen unique susceptible de faire face \u00e0 la propagation de la pand\u00e9mie.<\/p>\n<p>The post <a rel=\"nofollow\" href=\"https:\/\/www.mapmarrakech.ma\/fr\/omicron-mobilisation-du-systeme-educatif-face-a-la-recrudescence-des-cas\/\">Omicron: Mobilisation du syst\u00e8me \u00e9ducatif face \u00e0 la recrudescence des cas<\/a> appeared first on <a rel=\"nofollow\" href=\"https:\/\/www.mapmarrakech.ma\/fr\">MapMarrakech<\/a>.<\/p>\n<\/div>\n<p>Auteur: Meriem IGASS<br \/>\n<a href=\"https:\/\/www.mapmarrakech.ma\/fr\/omicron-mobilisation-du-systeme-educatif-face-a-la-recrudescence-des-cas\/\">Cliquez ici pour lire l&rsquo;article depuis sa source.<\/a><\/p>\n","protected":false},"excerpt":{"rendered":"<p>Cette mobilisation g\u00e9n\u00e9rale se traduit par le respect strict du protocole sanitaire adopt\u00e9 par les autorit\u00e9s comp\u00e9tentes en vue d\u2019enrayer la propagation de la pand\u00e9mie et de pr\u00e9server la sant\u00e9 des cadres p\u00e9dagogiques et administratifs et des \u00e9l\u00e8ves face \u00e0 ce nouveau variant plus contagieux que les pr\u00e9c\u00e9dents. A l\u2019int\u00e9rieur du lyc\u00e9e secondaire qualifiant Hassan [&hellip;]<\/p>\n","protected":false},"author":1788,"featured_media":0,"comment_status":"closed","ping_status":"closed","sticky":false,"template":"","format":"standard","meta":{"fifu_image_url":"https:\/\/www.mapmarrakech.ma\/map\/uploads\/2022\/01\/enseignement-mobilisation-omicron-copier.jpg","fifu_image_alt":"Omicron: Mobilisation du syst\u00e8me \u00e9ducatif face \u00e0 la recrudescence des cas","footnotes":""},"categories":[54,76],"tags":[],"class_list":["post-138229","post","type-post","status-publish","format-standard","hentry","category-maroc","category-regions"],"_links":{"self":[{"href":"https:\/\/linitiative.ca\/International\/wp-json\/wp\/v2\/posts\/138229","targetHints":{"allow":["GET"]}}],"collection":[{"href":"https:\/\/linitiative.ca\/International\/wp-json\/wp\/v2\/posts"}],"about":[{"href":"https:\/\/linitiative.ca\/International\/wp-json\/wp\/v2\/types\/post"}],"author":[{"embeddable":true,"href":"https:\/\/linitiative.ca\/International\/wp-json\/wp\/v2\/users\/1788"}],"replies":[{"embeddable":true,"href":"https:\/\/linitiative.ca\/International\/wp-json\/wp\/v2\/comments?post=138229"}],"version-history":[{"count":0,"href":"https:\/\/linitiative.ca\/International\/wp-json\/wp\/v2\/posts\/138229\/revisions"}],"wp:attachment":[{"href":"https:\/\/linitiative.ca\/International\/wp-json\/wp\/v2\/media?parent=138229"}],"wp:term":[{"taxonomy":"category","embeddable":true,"href":"https:\/\/linitiative.ca\/International\/wp-json\/wp\/v2\/categories?post=138229"},{"taxonomy":"post_tag","embeddable":true,"href":"https:\/\/linitiative.ca\/International\/wp-json\/wp\/v2\/tags?post=138229"}],"curies":[{"name":"wp","href":"https:\/\/api.w.org\/{rel}","templated":true}]}}