{"id":138231,"date":"2022-01-11T10:40:35","date_gmt":"2022-01-11T15:40:35","guid":{"rendered":"https:\/\/linitiative.ca\/International\/une-caravane-medicale-face-aux-effets-de-la-vague-de-froid\/"},"modified":"2022-01-11T10:40:35","modified_gmt":"2022-01-11T15:40:35","slug":"une-caravane-medicale-face-aux-effets-de-la-vague-de-froid","status":"publish","type":"post","link":"https:\/\/linitiative.ca\/International\/une-caravane-medicale-face-aux-effets-de-la-vague-de-froid\/","title":{"rendered":"Une caravane m\u00e9dicale face aux effets de la vague de froid"},"content":{"rendered":"<div>\n<div style=\"margin-bottom:20px;\"><img loading=\"lazy\" decoding=\"async\" width=\"750\" height=\"430\" src=\"https:\/\/linitiative.ca\/International\/wp-content\/uploads\/sites\/23\/2022\/01\/caravane-medicale-.jpg\" class=\"attachment-post-thumbnail size-post-thumbnail wp-post-image\" alt=\"\" srcset=\"https:\/\/linitiative.ca\/International\/wp-content\/uploads\/sites\/23\/2022\/01\/caravane-medicale-.jpg 750w, https:\/\/www.mapmarrakech.ma\/map\/uploads\/2022\/01\/caravane-medicale--300x172.jpg 300w\" sizes=\"auto, (max-width: 750px) 100vw, 750px\"><\/div>\n<p>Cette caravane m\u00e9dicale vise \u00e0 rapprocher les prestations sanitaires de la population des zones \u00e9loign\u00e9es et montagneuses et le d\u00e9senclavement des familles d\u00e9munies de ces r\u00e9gions.<\/p>\n<p>Rehauss\u00e9e par la pr\u00e9sence du gouverneur de la Province de Chichaoua, M. Bouabid El Guerrab, cette caravane s\u2019est d\u00e9roul\u00e9e dans d\u2019excellentes conditions\u00a0gr\u00e2ce \u00e0 la mobilisation des autorit\u00e9s locales et la soci\u00e9t\u00e9 civile et a \u00e9t\u00e9\u00a0bien accueillie par la population de cette r\u00e9gion.<\/p>\n<p>Par ailleurs, M. El Guerrab et la d\u00e9l\u00e9gation l\u2019accompagnant ont effectu\u00e9 une visite au chantier des travaux de la construction de la route reliant la r\u00e9gion Ibirkine et les douars Taghrat et Azroumlen relevant de la commune territoriale Imindounit, s\u2019inscrivant dans le cadre du Programme de r\u00e9duction des disparit\u00e9s sociales et territoriales\u00a0en milieu rural.<\/p>\n<p>Lanc\u00e9e par le minist\u00e8re de la Sant\u00e9 et de la protection sociale, l\u2019op\u00e9ration \u00ab\u00a0Riaya\u00a0\u00bb vise \u00e0 assurer la continu\u00e9 des services sanitaires dans ces r\u00e9gions, conform\u00e9ment aux orientations du plan \u00ab\u00a0Sant\u00e9 2025\u00a0\u00bb, notamment son volet relatif au renforcement des \u00e9tablissements de soins de sant\u00e9 primaire et du r\u00e9seau d\u2019\u00e9tablissements m\u00e9dico-sociaux et au d\u00e9veloppement de la sant\u00e9 mobile en milieu rural.<\/p>\n<p>L\u2019op\u00e9ration tend \u00e0 intensifier les activit\u00e9s de sant\u00e9 mobile, \u00e0 travers les unit\u00e9s m\u00e9dicales mobiles et les caravanes m\u00e9dicales, \u00e0 renforcer la disponibilit\u00e9 des ressources n\u00e9cessaires au niveau des centres de sant\u00e9 des zones cibl\u00e9es, en favorisant la prise en charge et l\u2019\u00e9vacuation des cas urgents, et \u00e0 d\u00e9velopper les m\u00e9canismes de coordination entre les diff\u00e9rents intervenants pour une meilleure prise en charge des cas urgents.<\/p>\n<p>The post <a rel=\"nofollow\" href=\"https:\/\/www.mapmarrakech.ma\/fr\/une-caravane-medicale-face-aux-effets-de-la-vague-de-froid\/\">Une caravane m\u00e9dicale face aux effets de la vague de froid<\/a> appeared first on <a rel=\"nofollow\" href=\"https:\/\/www.mapmarrakech.ma\/fr\">MapMarrakech<\/a>.<\/p>\n<\/div>\n<p>Auteur: Meriem IGASS<br \/>\n<a href=\"https:\/\/www.mapmarrakech.ma\/fr\/une-caravane-medicale-face-aux-effets-de-la-vague-de-froid\/\">Cliquez ici pour lire l&rsquo;article depuis sa source.<\/a><\/p>\n","protected":false},"excerpt":{"rendered":"<p>Cette caravane m\u00e9dicale vise \u00e0 rapprocher les prestations sanitaires de la population des zones \u00e9loign\u00e9es et montagneuses et le d\u00e9senclavement des familles d\u00e9munies de ces r\u00e9gions. Rehauss\u00e9e par la pr\u00e9sence du gouverneur de la Province de Chichaoua, M. Bouabid El Guerrab, cette caravane s\u2019est d\u00e9roul\u00e9e dans d\u2019excellentes conditions\u00a0gr\u00e2ce \u00e0 la mobilisation des autorit\u00e9s locales et [&hellip;]<\/p>\n","protected":false},"author":1788,"featured_media":0,"comment_status":"closed","ping_status":"closed","sticky":false,"template":"","format":"standard","meta":{"fifu_image_url":"https:\/\/www.mapmarrakech.ma\/map\/uploads\/2022\/01\/caravane-medicale-.jpg","fifu_image_alt":"Une caravane m\u00e9dicale face aux effets de la vague de froid","footnotes":""},"categories":[54,76],"tags":[],"class_list":["post-138231","post","type-post","status-publish","format-standard","hentry","category-maroc","category-regions"],"_links":{"self":[{"href":"https:\/\/linitiative.ca\/International\/wp-json\/wp\/v2\/posts\/138231","targetHints":{"allow":["GET"]}}],"collection":[{"href":"https:\/\/linitiative.ca\/International\/wp-json\/wp\/v2\/posts"}],"about":[{"href":"https:\/\/linitiative.ca\/International\/wp-json\/wp\/v2\/types\/post"}],"author":[{"embeddable":true,"href":"https:\/\/linitiative.ca\/International\/wp-json\/wp\/v2\/users\/1788"}],"replies":[{"embeddable":true,"href":"https:\/\/linitiative.ca\/International\/wp-json\/wp\/v2\/comments?post=138231"}],"version-history":[{"count":0,"href":"https:\/\/linitiative.ca\/International\/wp-json\/wp\/v2\/posts\/138231\/revisions"}],"wp:attachment":[{"href":"https:\/\/linitiative.ca\/International\/wp-json\/wp\/v2\/media?parent=138231"}],"wp:term":[{"taxonomy":"category","embeddable":true,"href":"https:\/\/linitiative.ca\/International\/wp-json\/wp\/v2\/categories?post=138231"},{"taxonomy":"post_tag","embeddable":true,"href":"https:\/\/linitiative.ca\/International\/wp-json\/wp\/v2\/tags?post=138231"}],"curies":[{"name":"wp","href":"https:\/\/api.w.org\/{rel}","templated":true}]}}