{"id":138233,"date":"2022-01-11T11:22:01","date_gmt":"2022-01-11T16:22:01","guid":{"rendered":"https:\/\/linitiative.ca\/International\/remise-dun-lot-dordinateurs-portables-au-profit-des-eleves\/"},"modified":"2022-01-11T11:22:01","modified_gmt":"2022-01-11T16:22:01","slug":"remise-dun-lot-dordinateurs-portables-au-profit-des-eleves","status":"publish","type":"post","link":"https:\/\/linitiative.ca\/International\/remise-dun-lot-dordinateurs-portables-au-profit-des-eleves\/","title":{"rendered":"Remise d\u2019un lot d\u2019ordinateurs portables au profit des \u00e9l\u00e8ves"},"content":{"rendered":"<div>\n<div style=\"margin-bottom:20px;\"><img loading=\"lazy\" decoding=\"async\" width=\"750\" height=\"430\" src=\"https:\/\/linitiative.ca\/International\/wp-content\/uploads\/sites\/23\/2022\/01\/enseignement.jpg\" class=\"attachment-post-thumbnail size-post-thumbnail wp-post-image\" alt=\"\" srcset=\"https:\/\/linitiative.ca\/International\/wp-content\/uploads\/sites\/23\/2022\/01\/enseignement.jpg 750w, https:\/\/www.mapmarrakech.ma\/map\/uploads\/2022\/01\/enseignement-300x172.jpg 300w\" sizes=\"auto, (max-width: 750px) 100vw, 750px\"><\/div>\n<p>Cette action intervient dans le cadre de la mise en \u0153uvre du projet 14 de ladite loi-cadre, inh\u00e9rent au d\u00e9veloppement de l\u2019utilisation des technologies d\u2019information et de communication, indique la Direction provinciale de l\u2019Education nationale, du pr\u00e9scolaire et des sports dans un communiqu\u00e9.<\/p>\n<p>Les \u00e9l\u00e8ves b\u00e9n\u00e9ficiaires rel\u00e8vent des lyc\u00e9es-coll\u00e9giaux \u00ab\u00a0Mehdi Ben Barka\u00a0\u00bb et \u00ab\u00a0Ali Yata\u00a0\u00bb, respectivement dans les communes rurales de Tekate et d\u2019Imint\u2019lit, pr\u00e9cise la m\u00eame source.<\/p>\n<p>Cette c\u00e9r\u00e9monie s\u2019est d\u00e9roul\u00e9e en pr\u00e9sence du directeur de l\u2019Acad\u00e9mie R\u00e9gionale de l\u2019Education et de la Formation (AREF) de Marrakech-Safi, Ahmed Karimi, du secr\u00e9taire g\u00e9n\u00e9ral de la Commission nationale pour l\u2019\u00e9ducation, la science et la culture, Jamaleddine El Aloua, du directeur par int\u00e9rim du Bureau de l\u2019UNESCO pour le Maghreb \u00e0 Rabat, Karim Hendili, du directeur provincial de l\u2019Education nationale, du pr\u00e9scolaire et des sports, Noureddine El Aoufi Laghzaoui, ainsi que de repr\u00e9sentants de la section provinciale de la F\u00e9d\u00e9ration nationale des Associations des parents et tuteurs des \u00e9l\u00e8ves et du Bureau provincial de la Rabita r\u00e9gionale des parents et tuteurs des \u00e9l\u00e8ves, des \u00e9lus et des autorit\u00e9s locales.<\/p>\n<p>La Direction provinciale de l\u2019Education nationale, du pr\u00e9scolaire et des sports \u00e0 Essaouira a intensifi\u00e9 au cours des derni\u00e8res semaines les rencontres et les visites de terrain pour assurer le suivi et l\u2019ex\u00e9cution optimale du plan d\u2019action portant sur la d\u00e9clinaison de la Loi-cadre 51.17 relative au syst\u00e8me d\u2019\u00e9ducation, de formation et de recherche scientifique, rappelle-t-on.<\/p>\n<p>The post <a rel=\"nofollow\" href=\"https:\/\/www.mapmarrakech.ma\/fr\/remise-dun-lot-dordinateurs-portables-a-des-eleves-detablissements-scolaires\/\">Remise d\u2019un lot d\u2019ordinateurs portables au profit des \u00e9l\u00e8ves<\/a> appeared first on <a rel=\"nofollow\" href=\"https:\/\/www.mapmarrakech.ma\/fr\">MapMarrakech<\/a>.<\/p>\n<\/div>\n<p>Auteur: Meriem IGASS<br \/>\n<a href=\"https:\/\/www.mapmarrakech.ma\/fr\/remise-dun-lot-dordinateurs-portables-a-des-eleves-detablissements-scolaires\/\">Cliquez ici pour lire l&rsquo;article depuis sa source.<\/a><\/p>\n","protected":false},"excerpt":{"rendered":"<p>Cette action intervient dans le cadre de la mise en \u0153uvre du projet 14 de ladite loi-cadre, inh\u00e9rent au d\u00e9veloppement de l\u2019utilisation des technologies d\u2019information et de communication, indique la Direction provinciale de l\u2019Education nationale, du pr\u00e9scolaire et des sports dans un communiqu\u00e9. Les \u00e9l\u00e8ves b\u00e9n\u00e9ficiaires rel\u00e8vent des lyc\u00e9es-coll\u00e9giaux \u00ab\u00a0Mehdi Ben Barka\u00a0\u00bb et \u00ab\u00a0Ali Yata\u00a0\u00bb, [&hellip;]<\/p>\n","protected":false},"author":1788,"featured_media":0,"comment_status":"closed","ping_status":"closed","sticky":false,"template":"","format":"standard","meta":{"fifu_image_url":"https:\/\/www.mapmarrakech.ma\/map\/uploads\/2022\/01\/enseignement.jpg","fifu_image_alt":"Remise d\u2019un lot d\u2019ordinateurs portables au profit des \u00e9l\u00e8ves","footnotes":""},"categories":[54,76],"tags":[],"class_list":["post-138233","post","type-post","status-publish","format-standard","hentry","category-maroc","category-regions"],"_links":{"self":[{"href":"https:\/\/linitiative.ca\/International\/wp-json\/wp\/v2\/posts\/138233","targetHints":{"allow":["GET"]}}],"collection":[{"href":"https:\/\/linitiative.ca\/International\/wp-json\/wp\/v2\/posts"}],"about":[{"href":"https:\/\/linitiative.ca\/International\/wp-json\/wp\/v2\/types\/post"}],"author":[{"embeddable":true,"href":"https:\/\/linitiative.ca\/International\/wp-json\/wp\/v2\/users\/1788"}],"replies":[{"embeddable":true,"href":"https:\/\/linitiative.ca\/International\/wp-json\/wp\/v2\/comments?post=138233"}],"version-history":[{"count":0,"href":"https:\/\/linitiative.ca\/International\/wp-json\/wp\/v2\/posts\/138233\/revisions"}],"wp:attachment":[{"href":"https:\/\/linitiative.ca\/International\/wp-json\/wp\/v2\/media?parent=138233"}],"wp:term":[{"taxonomy":"category","embeddable":true,"href":"https:\/\/linitiative.ca\/International\/wp-json\/wp\/v2\/categories?post=138233"},{"taxonomy":"post_tag","embeddable":true,"href":"https:\/\/linitiative.ca\/International\/wp-json\/wp\/v2\/tags?post=138233"}],"curies":[{"name":"wp","href":"https:\/\/api.w.org\/{rel}","templated":true}]}}