{"id":138235,"date":"2022-01-11T06:12:31","date_gmt":"2022-01-11T11:12:31","guid":{"rendered":"https:\/\/linitiative.ca\/International\/flambee-des-prix-la-reponse-de-fettah-alaoui\/"},"modified":"2022-01-11T06:12:31","modified_gmt":"2022-01-11T11:12:31","slug":"flambee-des-prix-la-reponse-de-fettah-alaoui","status":"publish","type":"post","link":"https:\/\/linitiative.ca\/International\/flambee-des-prix-la-reponse-de-fettah-alaoui\/","title":{"rendered":"Flamb\u00e9e des prix: La r\u00e9ponse de Fettah Alaoui"},"content":{"rendered":"<div>\n<div class=\"field field-name-body field-type-text-with-summary field-label-hidden\">\n<div class=\"field-items\">\n<div class=\"field-item even\" property=\"content:encoded\">\n<p class=\"rtejustify\">La ministre de l&rsquo;Economie et des Finances, Nadia Fettah Alaoui, a r\u00e9pondu lundi au Parlement \u00e0 une question orale relative \u00e0 la hausse des prix des produits de grande consommation pos\u00e9e par le Groupe istiqlalien de l&rsquo;unit\u00e9 et de l&rsquo;\u00e9galitarisme. Elle a affirm\u00e9 que le gouvernement a allou\u00e9 au titre de Loi de Finances (LF) 2022 plus de 16 milliards de DH pour soutenir le pouvoir d&rsquo;achat des citoyens. La\u00a0ministre en outre expliqu\u00e9 que les facteurs ayant conduit \u00e0 la hausse des prix de certains produits de base sont li\u00e9s au contexte international.<\/p>\n<\/div>\n<\/div>\n<\/div>\n<\/div>\n<p>Auteur: hgueye<br \/>\n<a href=\"https:\/\/www.leconomiste.com\/flash-infos\/flambee-des-prix-la-reponse-de-fettah-alaoui\">Cliquez ici pour lire l&rsquo;article depuis sa source.<\/a><\/p>\n","protected":false},"excerpt":{"rendered":"<p>La ministre de l&rsquo;Economie et des Finances, Nadia Fettah Alaoui, a r\u00e9pondu lundi au Parlement \u00e0 une question orale relative \u00e0 la hausse des prix des produits de grande consommation pos\u00e9e par le Groupe istiqlalien de l&rsquo;unit\u00e9 et de l&rsquo;\u00e9galitarisme. Elle a affirm\u00e9 que le gouvernement a allou\u00e9 au titre de Loi de Finances (LF) [&hellip;]<\/p>\n","protected":false},"author":1763,"featured_media":0,"comment_status":"closed","ping_status":"closed","sticky":false,"template":"","format":"standard","meta":{"fifu_image_url":"","fifu_image_alt":"","footnotes":""},"categories":[78,54],"tags":[],"class_list":["post-138235","post","type-post","status-publish","format-standard","hentry","category-economie","category-maroc"],"_links":{"self":[{"href":"https:\/\/linitiative.ca\/International\/wp-json\/wp\/v2\/posts\/138235","targetHints":{"allow":["GET"]}}],"collection":[{"href":"https:\/\/linitiative.ca\/International\/wp-json\/wp\/v2\/posts"}],"about":[{"href":"https:\/\/linitiative.ca\/International\/wp-json\/wp\/v2\/types\/post"}],"author":[{"embeddable":true,"href":"https:\/\/linitiative.ca\/International\/wp-json\/wp\/v2\/users\/1763"}],"replies":[{"embeddable":true,"href":"https:\/\/linitiative.ca\/International\/wp-json\/wp\/v2\/comments?post=138235"}],"version-history":[{"count":0,"href":"https:\/\/linitiative.ca\/International\/wp-json\/wp\/v2\/posts\/138235\/revisions"}],"wp:attachment":[{"href":"https:\/\/linitiative.ca\/International\/wp-json\/wp\/v2\/media?parent=138235"}],"wp:term":[{"taxonomy":"category","embeddable":true,"href":"https:\/\/linitiative.ca\/International\/wp-json\/wp\/v2\/categories?post=138235"},{"taxonomy":"post_tag","embeddable":true,"href":"https:\/\/linitiative.ca\/International\/wp-json\/wp\/v2\/tags?post=138235"}],"curies":[{"name":"wp","href":"https:\/\/api.w.org\/{rel}","templated":true}]}}