{"id":138236,"date":"2022-01-11T08:02:01","date_gmt":"2022-01-11T13:02:01","guid":{"rendered":"https:\/\/linitiative.ca\/International\/omicron-pourrait-toucher-un-europeen-sur-deux-dici-deux-mois\/"},"modified":"2022-01-11T08:02:01","modified_gmt":"2022-01-11T13:02:01","slug":"omicron-pourrait-toucher-un-europeen-sur-deux-dici-deux-mois","status":"publish","type":"post","link":"https:\/\/linitiative.ca\/International\/omicron-pourrait-toucher-un-europeen-sur-deux-dici-deux-mois\/","title":{"rendered":"Omicron pourrait toucher un Europ\u00e9en sur deux d&rsquo;ici deux mois"},"content":{"rendered":"<div>\n<div class=\"field field-name-body field-type-text-with-summary field-label-hidden\">\n<div class=\"field-items\">\n<div class=\"field-item even\" property=\"content:encoded\">\n<p class=\"rtejustify\">La branche europ\u00e9enne de l&rsquo;Organisation mondiale de la sant\u00e9 a estim\u00e9 mardi que plus de 50% des Europ\u00e9ens pourraient \u00eatre touch\u00e9s par le nouveau variant du coronavirus d&rsquo;ici deux mois, \u00e0 cause du rythme actuel des contaminations.<\/p>\n<\/div>\n<\/div>\n<\/div>\n<\/div>\n<p>Auteur: hgueye<br \/>\n<a href=\"https:\/\/www.leconomiste.com\/flash-infos\/omicron-pourrait-toucher-un-europeen-sur-deux-d-ici-deux-mois\">Cliquez ici pour lire l&rsquo;article depuis sa source.<\/a><\/p>\n","protected":false},"excerpt":{"rendered":"<p>La branche europ\u00e9enne de l&rsquo;Organisation mondiale de la sant\u00e9 a estim\u00e9 mardi que plus de 50% des Europ\u00e9ens pourraient \u00eatre touch\u00e9s par le nouveau variant du coronavirus d&rsquo;ici deux mois, \u00e0 cause du rythme actuel des contaminations. Auteur: hgueye Cliquez ici pour lire l&rsquo;article depuis sa source.<\/p>\n","protected":false},"author":1763,"featured_media":0,"comment_status":"closed","ping_status":"closed","sticky":false,"template":"","format":"standard","meta":{"fifu_image_url":"","fifu_image_alt":"","footnotes":""},"categories":[78,54],"tags":[],"class_list":["post-138236","post","type-post","status-publish","format-standard","hentry","category-economie","category-maroc"],"_links":{"self":[{"href":"https:\/\/linitiative.ca\/International\/wp-json\/wp\/v2\/posts\/138236","targetHints":{"allow":["GET"]}}],"collection":[{"href":"https:\/\/linitiative.ca\/International\/wp-json\/wp\/v2\/posts"}],"about":[{"href":"https:\/\/linitiative.ca\/International\/wp-json\/wp\/v2\/types\/post"}],"author":[{"embeddable":true,"href":"https:\/\/linitiative.ca\/International\/wp-json\/wp\/v2\/users\/1763"}],"replies":[{"embeddable":true,"href":"https:\/\/linitiative.ca\/International\/wp-json\/wp\/v2\/comments?post=138236"}],"version-history":[{"count":0,"href":"https:\/\/linitiative.ca\/International\/wp-json\/wp\/v2\/posts\/138236\/revisions"}],"wp:attachment":[{"href":"https:\/\/linitiative.ca\/International\/wp-json\/wp\/v2\/media?parent=138236"}],"wp:term":[{"taxonomy":"category","embeddable":true,"href":"https:\/\/linitiative.ca\/International\/wp-json\/wp\/v2\/categories?post=138236"},{"taxonomy":"post_tag","embeddable":true,"href":"https:\/\/linitiative.ca\/International\/wp-json\/wp\/v2\/tags?post=138236"}],"curies":[{"name":"wp","href":"https:\/\/api.w.org\/{rel}","templated":true}]}}