{"id":138237,"date":"2022-01-11T10:27:42","date_gmt":"2022-01-11T15:27:42","guid":{"rendered":"https:\/\/linitiative.ca\/International\/covid-7-336-nouveaux-cas-et-12-deces-ce-mardi-11-janvier-2022\/"},"modified":"2022-01-11T10:27:42","modified_gmt":"2022-01-11T15:27:42","slug":"covid-7-336-nouveaux-cas-et-12-deces-ce-mardi-11-janvier-2022","status":"publish","type":"post","link":"https:\/\/linitiative.ca\/International\/covid-7-336-nouveaux-cas-et-12-deces-ce-mardi-11-janvier-2022\/","title":{"rendered":"Covid: 7.336 nouveaux cas et 12 d\u00e9c\u00e8s ce mardi 11 janvier 2022"},"content":{"rendered":"<div>\n<div class=\"field field-name-body field-type-text-with-summary field-label-hidden\">\n<div class=\"field-items\">\n<div class=\"field-item even\" property=\"content:encoded\">\n<p class=\"rtejustify\">Un total de<strong>\u00a07.336<\/strong>\u00a0nouveaux cas d&rsquo;infection au nouveau coronavirus (Covid-19) et\u00a0<strong>2.082<\/strong>\u00a0gu\u00e9risons ont \u00e9t\u00e9 enregistr\u00e9s au Maroc au cours des derni\u00e8res 24 heures, a indiqu\u00e9 mardi le minist\u00e8re de la Sant\u00e9 et de la Protection sociale. Le nombre de primo-vaccin\u00e9s a atteint\u00a0<strong>24.598.327<\/strong>, celui des personnes ayant re\u00e7u deux doses s&rsquo;est \u00e9lev\u00e9 \u00e0\u00a0<strong>22.983.581<\/strong>, alors que\u00a0<strong>3.540.594<\/strong>\u00a0personnes ont eu trois injections, selon le bulletin quotidien sur la situation \u00e9pid\u00e9miologique.<\/p>\n<\/div>\n<\/div>\n<\/div>\n<\/div>\n<p>Auteur: hgueye<br \/>\n<a href=\"https:\/\/www.leconomiste.com\/flash-infos\/covid-7-336-nouveaux-cas-et-12-deces-ce-mardi-11-janvier-2022\">Cliquez ici pour lire l&rsquo;article depuis sa source.<\/a><\/p>\n","protected":false},"excerpt":{"rendered":"<p>Un total de\u00a07.336\u00a0nouveaux cas d&rsquo;infection au nouveau coronavirus (Covid-19) et\u00a02.082\u00a0gu\u00e9risons ont \u00e9t\u00e9 enregistr\u00e9s au Maroc au cours des derni\u00e8res 24 heures, a indiqu\u00e9 mardi le minist\u00e8re de la Sant\u00e9 et de la Protection sociale. Le nombre de primo-vaccin\u00e9s a atteint\u00a024.598.327, celui des personnes ayant re\u00e7u deux doses s&rsquo;est \u00e9lev\u00e9 \u00e0\u00a022.983.581, alors que\u00a03.540.594\u00a0personnes ont eu trois [&hellip;]<\/p>\n","protected":false},"author":1763,"featured_media":0,"comment_status":"closed","ping_status":"closed","sticky":false,"template":"","format":"standard","meta":{"fifu_image_url":"","fifu_image_alt":"","footnotes":""},"categories":[78,54],"tags":[],"class_list":["post-138237","post","type-post","status-publish","format-standard","hentry","category-economie","category-maroc"],"_links":{"self":[{"href":"https:\/\/linitiative.ca\/International\/wp-json\/wp\/v2\/posts\/138237","targetHints":{"allow":["GET"]}}],"collection":[{"href":"https:\/\/linitiative.ca\/International\/wp-json\/wp\/v2\/posts"}],"about":[{"href":"https:\/\/linitiative.ca\/International\/wp-json\/wp\/v2\/types\/post"}],"author":[{"embeddable":true,"href":"https:\/\/linitiative.ca\/International\/wp-json\/wp\/v2\/users\/1763"}],"replies":[{"embeddable":true,"href":"https:\/\/linitiative.ca\/International\/wp-json\/wp\/v2\/comments?post=138237"}],"version-history":[{"count":0,"href":"https:\/\/linitiative.ca\/International\/wp-json\/wp\/v2\/posts\/138237\/revisions"}],"wp:attachment":[{"href":"https:\/\/linitiative.ca\/International\/wp-json\/wp\/v2\/media?parent=138237"}],"wp:term":[{"taxonomy":"category","embeddable":true,"href":"https:\/\/linitiative.ca\/International\/wp-json\/wp\/v2\/categories?post=138237"},{"taxonomy":"post_tag","embeddable":true,"href":"https:\/\/linitiative.ca\/International\/wp-json\/wp\/v2\/tags?post=138237"}],"curies":[{"name":"wp","href":"https:\/\/api.w.org\/{rel}","templated":true}]}}