{"id":138239,"date":"2022-01-11T13:18:02","date_gmt":"2022-01-11T18:18:02","guid":{"rendered":"https:\/\/linitiative.ca\/International\/agadir-ou-en-est-le-pdu\/"},"modified":"2022-01-11T13:18:02","modified_gmt":"2022-01-11T18:18:02","slug":"agadir-ou-en-est-le-pdu","status":"publish","type":"post","link":"https:\/\/linitiative.ca\/International\/agadir-ou-en-est-le-pdu\/","title":{"rendered":"Agadir: O\u00f9 en est le PDU ?"},"content":{"rendered":"<div>\n<div class=\"field field-name-body field-type-text-with-summary field-label-hidden\">\n<div class=\"field-items\">\n<div class=\"field-item even\" property=\"content:encoded\">\n<p class=\"rtejustify\">Le Programme de d\u00e9veloppement urbain (PDU) d\u2019Agadir 2020-2024 conna\u00eet quelques avanc\u00e9es. En 2021, plus de 282 millions de DH, soit 4,5% du co\u00fbt global du PDU, ont \u00e9t\u00e9 investis selon des donn\u00e9es pr\u00e9sent\u00e9es lors de la 6e r\u00e9union du Comit\u00e9 de pilotage, de suivi et d\u2019\u00e9valuation du PDU tenue mardi, sous la pr\u00e9sidence du Wali de la r\u00e9gion Souss-Massa, gouverneur de la pr\u00e9fecture d\u2019Agadir Ida Outanane, Ahmed Hajji.<\/p>\n<\/div>\n<\/div>\n<\/div>\n<\/div>\n<p>Auteur: hgueye<br \/>\n<a href=\"https:\/\/www.leconomiste.com\/flash-infos\/agadir-ou-en-est-le-pdu\">Cliquez ici pour lire l&rsquo;article depuis sa source.<\/a><\/p>\n","protected":false},"excerpt":{"rendered":"<p>Le Programme de d\u00e9veloppement urbain (PDU) d\u2019Agadir 2020-2024 conna\u00eet quelques avanc\u00e9es. En 2021, plus de 282 millions de DH, soit 4,5% du co\u00fbt global du PDU, ont \u00e9t\u00e9 investis selon des donn\u00e9es pr\u00e9sent\u00e9es lors de la 6e r\u00e9union du Comit\u00e9 de pilotage, de suivi et d\u2019\u00e9valuation du PDU tenue mardi, sous la pr\u00e9sidence du Wali [&hellip;]<\/p>\n","protected":false},"author":1763,"featured_media":0,"comment_status":"closed","ping_status":"closed","sticky":false,"template":"","format":"standard","meta":{"fifu_image_url":"","fifu_image_alt":"","footnotes":""},"categories":[78,54],"tags":[],"class_list":["post-138239","post","type-post","status-publish","format-standard","hentry","category-economie","category-maroc"],"_links":{"self":[{"href":"https:\/\/linitiative.ca\/International\/wp-json\/wp\/v2\/posts\/138239","targetHints":{"allow":["GET"]}}],"collection":[{"href":"https:\/\/linitiative.ca\/International\/wp-json\/wp\/v2\/posts"}],"about":[{"href":"https:\/\/linitiative.ca\/International\/wp-json\/wp\/v2\/types\/post"}],"author":[{"embeddable":true,"href":"https:\/\/linitiative.ca\/International\/wp-json\/wp\/v2\/users\/1763"}],"replies":[{"embeddable":true,"href":"https:\/\/linitiative.ca\/International\/wp-json\/wp\/v2\/comments?post=138239"}],"version-history":[{"count":0,"href":"https:\/\/linitiative.ca\/International\/wp-json\/wp\/v2\/posts\/138239\/revisions"}],"wp:attachment":[{"href":"https:\/\/linitiative.ca\/International\/wp-json\/wp\/v2\/media?parent=138239"}],"wp:term":[{"taxonomy":"category","embeddable":true,"href":"https:\/\/linitiative.ca\/International\/wp-json\/wp\/v2\/categories?post=138239"},{"taxonomy":"post_tag","embeddable":true,"href":"https:\/\/linitiative.ca\/International\/wp-json\/wp\/v2\/tags?post=138239"}],"curies":[{"name":"wp","href":"https:\/\/api.w.org\/{rel}","templated":true}]}}