{"id":138245,"date":"2022-01-11T03:40:00","date_gmt":"2022-01-11T08:40:00","guid":{"rendered":"https:\/\/linitiative.ca\/International\/wafa-masmoudi-maladies-emergentes-securite-sanitaire-et-ethique\/"},"modified":"2022-01-11T03:40:00","modified_gmt":"2022-01-11T08:40:00","slug":"wafa-masmoudi-maladies-emergentes-securite-sanitaire-et-ethique","status":"publish","type":"post","link":"https:\/\/linitiative.ca\/International\/wafa-masmoudi-maladies-emergentes-securite-sanitaire-et-ethique\/","title":{"rendered":"Wafa Masmoudi: Maladies \u00e9mergentes, s\u00e9curit\u00e9 sanitaire et \u00e9thique"},"content":{"rendered":"<div><img decoding=\"async\" src=\"https:\/\/linitiative.ca\/International\/wp-content\/uploads\/sites\/23\/2022\/01\/1641923731_article.jpg\" alt=\"Wafa Harrar Masmoudi: Maladies \u00e9mergentes, s\u00e9curit\u00e9 sanitaire et \u00e9thique\" align=\"left\">Fid\u00e8le \u00e0 sa tradition, le Comit\u00e9 national d&rsquo;\u00e9thique m\u00e9dicale (CNEM) a organis\u00e9 le 11 d\u00e9cembre 2021 sa conf\u00e9rence annuelle portant sur une large th\u00e9matique, celle de \u00ab\u00a0Maladies \u00e9mergentes, s\u00e9curit\u00e9 sanitaire et \u00e9thique\u00a0\u00bb, une mani\u00e8re de rappeler que la r\u00e9flexion \u00e9thique se positionne en substrat de tout d\u00e9bat scientifique.<br \/>\nDans son allocution d&rsquo;ouverture, Professeur Skander M\u2019rad, pr\u00e9sident du CNEM, a soulign\u00e9 que le choix du th\u00e8me est dict\u00e9 par l&rsquo;actualit\u00e9 br\u00fblante et les questionnements \u00e9thiques impos\u00e9s par celle-ci. Plusieurs constatations s&rsquo;imposent. La premi\u00e8re \u00e9tant la propension de ces maladies \u00e0 bouleverser la soci\u00e9t\u00e9, car bien plus que des crises &#8230;<\/p>\n<\/div>\n<p>Auteur:<br \/>\n<a href=\"https:\/\/www.leaders.com.tn\/article\/32850-wafa-harrar-masmoudi-maladies-emergentes-securite-sanitaire-et-ethique\">Cliquez ici pour lire l&rsquo;article depuis sa source.<\/a><\/p>\n","protected":false},"excerpt":{"rendered":"<p>Fid\u00e8le \u00e0 sa tradition, le Comit\u00e9 national d&rsquo;\u00e9thique m\u00e9dicale (CNEM) a organis\u00e9 le 11 d\u00e9cembre 2021 sa conf\u00e9rence annuelle portant sur une large th\u00e9matique, celle de \u00ab\u00a0Maladies \u00e9mergentes, s\u00e9curit\u00e9 sanitaire et \u00e9thique\u00a0\u00bb, une mani\u00e8re de rappeler que la r\u00e9flexion \u00e9thique se positionne en substrat de tout d\u00e9bat scientifique. Dans son allocution d&rsquo;ouverture, Professeur Skander M\u2019rad, [&hellip;]<\/p>\n","protected":false},"author":1772,"featured_media":0,"comment_status":"closed","ping_status":"closed","sticky":false,"template":"","format":"standard","meta":{"fifu_image_url":"http:\/\/www.leaders.com.tn\/uploads\/content\/thumbnails_small\/1641923731_article.jpg","fifu_image_alt":"Wafa Masmoudi: Maladies \u00e9mergentes, s\u00e9curit\u00e9 sanitaire et \u00e9thique","footnotes":""},"categories":[73,55],"tags":[],"class_list":["post-138245","post","type-post","status-publish","format-standard","hentry","category-actualite","category-tunisie"],"_links":{"self":[{"href":"https:\/\/linitiative.ca\/International\/wp-json\/wp\/v2\/posts\/138245","targetHints":{"allow":["GET"]}}],"collection":[{"href":"https:\/\/linitiative.ca\/International\/wp-json\/wp\/v2\/posts"}],"about":[{"href":"https:\/\/linitiative.ca\/International\/wp-json\/wp\/v2\/types\/post"}],"author":[{"embeddable":true,"href":"https:\/\/linitiative.ca\/International\/wp-json\/wp\/v2\/users\/1772"}],"replies":[{"embeddable":true,"href":"https:\/\/linitiative.ca\/International\/wp-json\/wp\/v2\/comments?post=138245"}],"version-history":[{"count":0,"href":"https:\/\/linitiative.ca\/International\/wp-json\/wp\/v2\/posts\/138245\/revisions"}],"wp:attachment":[{"href":"https:\/\/linitiative.ca\/International\/wp-json\/wp\/v2\/media?parent=138245"}],"wp:term":[{"taxonomy":"category","embeddable":true,"href":"https:\/\/linitiative.ca\/International\/wp-json\/wp\/v2\/categories?post=138245"},{"taxonomy":"post_tag","embeddable":true,"href":"https:\/\/linitiative.ca\/International\/wp-json\/wp\/v2\/tags?post=138245"}],"curies":[{"name":"wp","href":"https:\/\/api.w.org\/{rel}","templated":true}]}}