{"id":138247,"date":"2022-01-11T04:00:00","date_gmt":"2022-01-11T09:00:00","guid":{"rendered":"https:\/\/linitiative.ca\/International\/samir-majoul-des-propositions-concretes-pour-relancer-leconomie\/"},"modified":"2022-01-11T04:00:00","modified_gmt":"2022-01-11T09:00:00","slug":"samir-majoul-des-propositions-concretes-pour-relancer-leconomie","status":"publish","type":"post","link":"https:\/\/linitiative.ca\/International\/samir-majoul-des-propositions-concretes-pour-relancer-leconomie\/","title":{"rendered":"Samir Majoul : des propositions concr\u00e8tes pour relancer l\u00a0\u00bb\u00e9conomie"},"content":{"rendered":"<div><img decoding=\"async\" src=\"https:\/\/linitiative.ca\/International\/wp-content\/uploads\/sites\/23\/2022\/01\/1641837052_article.jpg\" alt='Samir Majoul : des propositions concr\u00e8tes pour relancer l\"\u00e9conomie' align=\"left\">\u2022 Int\u00e9grer progressivement le secteur informel dans l\u2019\u00e9conomie r\u00e9elle.<br \/>\n\u2022 Mettre en place imm\u00e9diatement des mesures de sauvegarde pour les TPE et PME en souffrance en raison du Covid-19 et autres (financement, soutien financier, amnisties et restructuration des dettes).<br \/>\n\u2022 Acc\u00e9l\u00e9rer la mise en \u0153uvre du plan solaire et le rythme de production des \u00e9nergies renouvelables.<br \/>\n\u2022 D\u00e9velopper I\u2019\u00e9conomie bleue avec tout ce qui tourne autour de la mer.<br \/>\n\u2022 Promouvoir et consolider l\u2019\u00e9conomie circulaire et surtout la valorisation des d\u00e9chets,<br \/>\n\u2022 Activer les pactes sectoriels d\u00e9j\u00e0 sign\u00e9s, signer les pactes pr\u00eats, pr\u00e9parer et valider d\u2019autres pactes sectoriels dans les &#8230;<\/p>\n<\/div>\n<p>Auteur:<br \/>\n<a href=\"https:\/\/www.leaders.com.tn\/article\/32851-samir-majoul-des-propositions-concretes-pour-relancer-l-economie\">Cliquez ici pour lire l&rsquo;article depuis sa source.<\/a><\/p>\n","protected":false},"excerpt":{"rendered":"<p>\u2022 Int\u00e9grer progressivement le secteur informel dans l\u2019\u00e9conomie r\u00e9elle. \u2022 Mettre en place imm\u00e9diatement des mesures de sauvegarde pour les TPE et PME en souffrance en raison du Covid-19 et autres (financement, soutien financier, amnisties et restructuration des dettes). \u2022 Acc\u00e9l\u00e9rer la mise en \u0153uvre du plan solaire et le rythme de production des \u00e9nergies [&hellip;]<\/p>\n","protected":false},"author":1772,"featured_media":0,"comment_status":"closed","ping_status":"closed","sticky":false,"template":"","format":"standard","meta":{"fifu_image_url":"http:\/\/www.leaders.com.tn\/uploads\/content\/thumbnails_small\/1641837052_article.jpg","fifu_image_alt":"<div>Samir Majoul : des propositions concr\u00e8tes pour relancer l\"\u00e9conomie<\/div>","footnotes":""},"categories":[73,55],"tags":[],"class_list":["post-138247","post","type-post","status-publish","format-standard","hentry","category-actualite","category-tunisie"],"_links":{"self":[{"href":"https:\/\/linitiative.ca\/International\/wp-json\/wp\/v2\/posts\/138247","targetHints":{"allow":["GET"]}}],"collection":[{"href":"https:\/\/linitiative.ca\/International\/wp-json\/wp\/v2\/posts"}],"about":[{"href":"https:\/\/linitiative.ca\/International\/wp-json\/wp\/v2\/types\/post"}],"author":[{"embeddable":true,"href":"https:\/\/linitiative.ca\/International\/wp-json\/wp\/v2\/users\/1772"}],"replies":[{"embeddable":true,"href":"https:\/\/linitiative.ca\/International\/wp-json\/wp\/v2\/comments?post=138247"}],"version-history":[{"count":0,"href":"https:\/\/linitiative.ca\/International\/wp-json\/wp\/v2\/posts\/138247\/revisions"}],"wp:attachment":[{"href":"https:\/\/linitiative.ca\/International\/wp-json\/wp\/v2\/media?parent=138247"}],"wp:term":[{"taxonomy":"category","embeddable":true,"href":"https:\/\/linitiative.ca\/International\/wp-json\/wp\/v2\/categories?post=138247"},{"taxonomy":"post_tag","embeddable":true,"href":"https:\/\/linitiative.ca\/International\/wp-json\/wp\/v2\/tags?post=138247"}],"curies":[{"name":"wp","href":"https:\/\/api.w.org\/{rel}","templated":true}]}}