{"id":138249,"date":"2022-01-11T10:40:00","date_gmt":"2022-01-11T15:40:00","guid":{"rendered":"https:\/\/linitiative.ca\/International\/la-societe-vegathech-met-en-garde-le-public-contre-la-commercialisation-sur-le-marche-de-produits-contrefaits\/"},"modified":"2022-01-11T10:40:00","modified_gmt":"2022-01-11T15:40:00","slug":"la-societe-vegathech-met-en-garde-le-public-contre-la-commercialisation-sur-le-marche-de-produits-contrefaits","status":"publish","type":"post","link":"https:\/\/linitiative.ca\/International\/la-societe-vegathech-met-en-garde-le-public-contre-la-commercialisation-sur-le-marche-de-produits-contrefaits\/","title":{"rendered":"La soci\u00e9t\u00e9 VEGATHECH met en garde le public contre la commercialisation sur le march\u00e9 de produits contrefaits"},"content":{"rendered":"<div><img decoding=\"async\" src=\"https:\/\/linitiative.ca\/International\/wp-content\/uploads\/sites\/23\/2022\/01\/1641923046_article.jpg\" alt=\"La soci\u00e9t\u00e9 VEGATHECH met en garde les tunisiens contre la commercialisation sur le march\u00e9 de produits contrefaits\" align=\"left\">La Marque tunisienne VEGA signale aux consommateurs la commercialisation de t\u00e9l\u00e9viseurs contrefaits de sa marque, sur le march\u00e9 tunisien. Ces produits ont \u00e9t\u00e9 fabriqu\u00e9s en dehors du sol tunisien et porte la mention \u00abfabriqu\u00e9 en Egypte\u00bb.<br \/>\nDans ce cadre, VEGATECH tient \u00e0 rappeler que ses t\u00e9l\u00e9viseurs smart sont fabriqu\u00e9s et mont\u00e9s enti\u00e8rement en Tunisie et que l\u2019enseigne VEGATHECH est d\u00e9pos\u00e9e aupr\u00e8s de l\u2019Institut National de la Normalisation et de la Propri\u00e9t\u00e9 Industrielle (INNORPI), sous le num\u00e9ro 1288\/2014\/TN\/T et certifi\u00e9e en conformit\u00e9 et qualit\u00e9. La marque a aussi acquis le certificat ANDROID.<br \/>\nVEGATECH consid\u00e8re donc que la contrefa\u00e7on et l\u2019imitation de &#8230;<\/p>\n<\/div>\n<p>Auteur:<br \/>\n<a href=\"https:\/\/www.leaders.com.tn\/article\/32852-la-societe-vegathech-met-en-garde-les-tunisiens-contre-la-commercialisation-sur-le-marche-de-produits-contrefaits\">Cliquez ici pour lire l&rsquo;article depuis sa source.<\/a><\/p>\n","protected":false},"excerpt":{"rendered":"<p>La Marque tunisienne VEGA signale aux consommateurs la commercialisation de t\u00e9l\u00e9viseurs contrefaits de sa marque, sur le march\u00e9 tunisien. Ces produits ont \u00e9t\u00e9 fabriqu\u00e9s en dehors du sol tunisien et porte la mention \u00abfabriqu\u00e9 en Egypte\u00bb. Dans ce cadre, VEGATECH tient \u00e0 rappeler que ses t\u00e9l\u00e9viseurs smart sont fabriqu\u00e9s et mont\u00e9s enti\u00e8rement en Tunisie et [&hellip;]<\/p>\n","protected":false},"author":1772,"featured_media":0,"comment_status":"closed","ping_status":"closed","sticky":false,"template":"","format":"standard","meta":{"fifu_image_url":"http:\/\/www.leaders.com.tn\/uploads\/content\/thumbnails_small\/1641923046_article.jpg","fifu_image_alt":"La soci\u00e9t\u00e9 VEGATHECH met en garde le public contre la commercialisation sur le march\u00e9 de produits contrefaits","footnotes":""},"categories":[73,55],"tags":[],"class_list":["post-138249","post","type-post","status-publish","format-standard","hentry","category-actualite","category-tunisie"],"_links":{"self":[{"href":"https:\/\/linitiative.ca\/International\/wp-json\/wp\/v2\/posts\/138249","targetHints":{"allow":["GET"]}}],"collection":[{"href":"https:\/\/linitiative.ca\/International\/wp-json\/wp\/v2\/posts"}],"about":[{"href":"https:\/\/linitiative.ca\/International\/wp-json\/wp\/v2\/types\/post"}],"author":[{"embeddable":true,"href":"https:\/\/linitiative.ca\/International\/wp-json\/wp\/v2\/users\/1772"}],"replies":[{"embeddable":true,"href":"https:\/\/linitiative.ca\/International\/wp-json\/wp\/v2\/comments?post=138249"}],"version-history":[{"count":0,"href":"https:\/\/linitiative.ca\/International\/wp-json\/wp\/v2\/posts\/138249\/revisions"}],"wp:attachment":[{"href":"https:\/\/linitiative.ca\/International\/wp-json\/wp\/v2\/media?parent=138249"}],"wp:term":[{"taxonomy":"category","embeddable":true,"href":"https:\/\/linitiative.ca\/International\/wp-json\/wp\/v2\/categories?post=138249"},{"taxonomy":"post_tag","embeddable":true,"href":"https:\/\/linitiative.ca\/International\/wp-json\/wp\/v2\/tags?post=138249"}],"curies":[{"name":"wp","href":"https:\/\/api.w.org\/{rel}","templated":true}]}}